{"id":16319,"date":"2017-04-08T18:31:30","date_gmt":"2017-04-08T17:31:30","guid":{"rendered":"http:\/\/sergegirard.fr\/fr\/?p=16319"},"modified":"2017-04-09T08:05:33","modified_gmt":"2017-04-09T07:05:33","slug":"e434-samedi-08-avril-paris-la-villette-place-du-trocadero","status":"publish","type":"post","link":"https:\/\/sergegirard.fr\/fr\/2017\/04\/08\/e434-samedi-08-avril-paris-la-villette-place-du-trocadero\/","title":{"rendered":"E434: Samedi 08 Avril \/\/ Paris (La Villette) &#8211; Place du Trocad\u00e9ro"},"content":{"rendered":"<p style=\"text-align: justify;\">11,91km &#8211; 2h06\u2019<\/p>\n<p style=\"text-align: justify;\">Toutes les bonnes choses ont une fin. Et c\u2019est ce qui les rend appr\u00e9ciables.<br \/>\nCe matin l\u2019\u00e9quipe &#8211; agrandie pour ce dernier jour &#8211; est pr\u00eate \u00e0 affronter cette ultime \u00e9tape. R\u00e9union \u00e0 9h30 au rez-de-chauss\u00e9e de l\u2019h\u00f4tel. Chacun se voit assigner ses missions du jour. Comme \u00e0 chacune des arriv\u00e9es de Serge, le stress est de la partie. Organiser une telle journ\u00e9e n\u2019est pas simple, qui plus est dans Paris. Reste que l\u2019envie qui prend le dessus, c\u2019est surtout celle de bien vouloir faire les choses, et de cl\u00f4turer ce tour du monde comme il se doit. De mettre un point d\u2019honneur \u00e0 tout le travail accompli depuis maintenant plus de 14 mois.<\/p>\n<p style=\"text-align: justify;\">Nous arrivons porte de la Villette \u00e0 l\u2019heure pr\u00e9vue. Une vingtaine de personnes nous attendent pour courir avec Serge les 10 derniers kilom\u00e8tres de cette aventure. Plein de visages connus que nous retrouvons avec plaisir. Les appr\u00e9hensions du matin sont vite dissip\u00e9es : la travers\u00e9e de Paris se fait sans encombre, et notre petit groupe de <em>runners <\/em>progresse sous un temps radieux. Monika, nous retrouve \u00e0 diff\u00e9rents points cl\u00e9s accompagn\u00e9e de Philippe, son conducteur du jour. William est \u00e0 la baguette et aiguille tout le monde dans les rues de la capitale. <em>Avenue de Flandres, Rue Louis Blanc, Quai de Valmy, Grands Boulevards, Op\u00e9ra, Boulevards Haussmann, Arc de Triomphe, Avenue Kl\u00e9ber <\/em>et finalement <em>Place du Trocad\u00e9ro<\/em>. La travers\u00e9e de Paris aura \u00e9t\u00e9 royale, et l\u2019on aura appr\u00e9ci\u00e9 tous ces encouragements sinc\u00e8res et spontan\u00e9s de la part des passants (qui, il faut l\u2019avouer, nous assimilaient surtout au Marathon de Paris, qui a lieu demain).<\/p>\n<p style=\"text-align: justify;\">Depuis plusieurs minutes je me triture les m\u00e9ninges pour essayer de trouver un jeu de mots ou une anecdote historique \u00e0 propos de cette derni\u00e8re \u00e9tape, mais au final j\u2019ai surtout envie de vous faire part du plaisir qui ressort de cette journ\u00e9e.\u00a0C\u2019est bon, le tour du monde est maintenant termin\u00e9. Evidemment il y a une part de soulagement car cette aventure n\u2019aura pas \u00e9t\u00e9 de tout repos, aussi bien pour les gens qui ont suivi Serge sur place que pour ceux qui auront g\u00e9r\u00e9 l\u2019organisation depuis la France. Mais le sentiment qui pr\u00e9domine reste la joie d\u2019avoir contribu\u00e9 \u00e0 la r\u00e9ussite de ce d\u00e9fi hors-norme.<\/p>\n<p style=\"text-align: justify;\">Car l\u2019exploit sportif ne doit pas \u00eatre banalis\u00e9. Serge termine son tour du monde en 433 jours et 3 heures, soit une moyenne de 60,45 km\/j. Il am\u00e9liore ainsi le pr\u00e9c\u00e9dent record de\u00a0188 jours, ce qui avouons-le est \u00e9norme. J\u2019ai une pens\u00e9e pour <em>Tom Denniss<\/em>, l\u2019ancien d\u00e9tenteur, qui nous aura gratifi\u00e9 de nombreux messages de f\u00e9licitations tout au long de l\u2019aventure, ainsi que de pr\u00e9cieux conseils. <em>Fair play<\/em>.<\/p>\n<p style=\"text-align: justify;\">Mais pour arriver \u00e0 tenir une moyenne de course aussi \u00e9lev\u00e9e, il aura fallu que Serge s\u2019affranchisse de toute une partie de l\u2019organisation. Ce qui m\u2019am\u00e8ne \u00e0 avoir une grosse pens\u00e9e pour tous les suiveurs qui auront donn\u00e9 de leur temps et de leur \u00e9nergie pour que notre coureur puisse jour apr\u00e8s jour continuer \u00e0 poursuivre son unique but\u00a0: celui de revenir place du Trocad\u00e9ro. Cette place du Trocad\u00e9ro que nous avions quitt\u00e9 le 31 janvier 2016 sous un ciel charg\u00e9 et gris, et que nous retrouvons aujourd\u2019hui sous un magnifique soleil.<\/p>\n<p style=\"text-align: justify;\">J\u2019en viens aux remerciements. Impossible pour moi de me lancer dans l\u2019\u00e9num\u00e9ration de toutes les personnes pr\u00e9sentes aujourd\u2019hui. La journ\u00e9e est pass\u00e9e beaucoup trop vite pour \u00e7a. N\u00e9anmoins je voudrais vivement les remercier, toutes autant qu\u2019elles \u00e9taient, pour avoir pris le temps de venir voir Serge boucler son d\u00e9fi. Evidemment j\u2019ai aussi une pens\u00e9e pour tous ceux qui n\u2019ont pas pu venir, mais qui nous ont suivi et encourag\u00e9 tout au long de l\u2019aventure. Ils se reconnaitront. Tous ces messages adress\u00e9s via le site web et les r\u00e9seaux sociaux auront \u00e9t\u00e9 une v\u00e9ritable source de plaisir et de motivation.<\/p>\n<p style=\"text-align: justify;\">On n\u2019oublie pas les sponsors\u00a0: Fleury Michon, Leclerc et Intersport qui, comme Serge l\u2019a justement soulign\u00e9, n\u2019ont pas h\u00e9sit\u00e9 \u00e0 reconduire leur partenariat apr\u00e8s l\u2019\u00e9chec du pr\u00e9c\u00e9dent d\u00e9fi. Et on les remercie de la confiance qu\u2019ils ont su \u00e0 nouveau nous accorder.<\/p>\n<p style=\"text-align: justify;\">Ce soir c\u2019est donc une page qui se tourne. Demain il n\u2019y aura pas de vid\u00e9o, pas de compte-rendu, pas de ravitaillements ni de donn\u00e9es de course. Et cela risque d\u2019en chambouler plus d\u2019un, Serge le premier. En attendant ce soir nous nous retrouvons en famille, afin de cl\u00f4turer cette aventure comme il se doit.<\/p>\n<p style=\"text-align: justify;\">Au nom de tous les auteurs de compte-rendus, de tous les photographes et autres cin\u00e9astes en herbe qui auront \u0153uvr\u00e9 sur cette course, nous vous remercions pour votre fid\u00e9lit\u00e9. Beaucoup d\u2019\u00e9nergie et de temps auront \u00e9t\u00e9 d\u00e9pens\u00e9s afin que vous puissiez vivre au maximum et en temps et en heure cette aventure. On esp\u00e8re notre mission r\u00e9ussie, en tout cas cela aura \u00e9t\u00e9 un v\u00e9ritable plaisir de vous faire partager ce tour du monde.<\/p>\n<p style=\"text-align: justify;\">FIN<\/p>\n<p><iframe loading=\"lazy\" width=\"560\" height=\"315\" src=\"https:\/\/www.youtube.com\/embed\/buFGrl17M5g?rel=0\" frameborder=\"0\" allowfullscreen><\/iframe><\/p>\n","protected":false},"excerpt":{"rendered":"<p>11,91km &#8211; 2h06\u2019 Toutes les bonnes choses ont une fin. Et c\u2019est ce qui les rend appr\u00e9ciables. Ce matin l\u2019\u00e9quipe &#8211; agrandie pour ce dernier jour &#8211; est pr\u00eate \u00e0 affronter cette ultime \u00e9tape. R\u00e9union \u00e0 9h30 au rez-de-chauss\u00e9e de l\u2019h\u00f4tel. Chacun se voit assigner ses missions du jour. Comme \u00e0 chacune des arriv\u00e9es de [&hellip;]<\/p>\n","protected":false},"author":1,"featured_media":16378,"comment_status":"closed","ping_status":"closed","sticky":false,"template":"","format":"standard","meta":{"_et_pb_use_builder":"","_et_pb_old_content":"","_et_gb_content_width":"","ngg_post_thumbnail":0,"footnotes":""},"categories":[9],"tags":[],"class_list":["post-16319","post","type-post","status-publish","format-standard","has-post-thumbnail","hentry","category-news"],"_links":{"self":[{"href":"https:\/\/sergegirard.fr\/fr\/wp-json\/wp\/v2\/posts\/16319","targetHints":{"allow":["GET"]}}],"collection":[{"href":"https:\/\/sergegirard.fr\/fr\/wp-json\/wp\/v2\/posts"}],"about":[{"href":"https:\/\/sergegirard.fr\/fr\/wp-json\/wp\/v2\/types\/post"}],"author":[{"embeddable":true,"href":"https:\/\/sergegirard.fr\/fr\/wp-json\/wp\/v2\/users\/1"}],"replies":[{"embeddable":true,"href":"https:\/\/sergegirard.fr\/fr\/wp-json\/wp\/v2\/comments?post=16319"}],"version-history":[{"count":3,"href":"https:\/\/sergegirard.fr\/fr\/wp-json\/wp\/v2\/posts\/16319\/revisions"}],"predecessor-version":[{"id":16384,"href":"https:\/\/sergegirard.fr\/fr\/wp-json\/wp\/v2\/posts\/16319\/revisions\/16384"}],"wp:featuredmedia":[{"embeddable":true,"href":"https:\/\/sergegirard.fr\/fr\/wp-json\/wp\/v2\/media\/16378"}],"wp:attachment":[{"href":"https:\/\/sergegirard.fr\/fr\/wp-json\/wp\/v2\/media?parent=16319"}],"wp:term":[{"taxonomy":"category","embeddable":true,"href":"https:\/\/sergegirard.fr\/fr\/wp-json\/wp\/v2\/categories?post=16319"},{"taxonomy":"post_tag","embeddable":true,"href":"https:\/\/sergegirard.fr\/fr\/wp-json\/wp\/v2\/tags?post=16319"}],"curies":[{"name":"wp","href":"https:\/\/api.w.org\/{rel}","templated":true}]}}