{"id":16267,"date":"2017-04-07T17:18:18","date_gmt":"2017-04-07T16:18:18","guid":{"rendered":"http:\/\/sergegirard.fr\/fr\/?p=16267"},"modified":"2017-04-08T18:25:16","modified_gmt":"2017-04-08T17:25:16","slug":"e433-vendredi-7-avril-barcy-paris-la-villette","status":"publish","type":"post","link":"https:\/\/sergegirard.fr\/fr\/2017\/04\/07\/e433-vendredi-7-avril-barcy-paris-la-villette\/","title":{"rendered":"E433: Vendredi 07 Avril \/\/ Barcy &#8211; Paris (La Villette)"},"content":{"rendered":"<p>49,65 km &#8211; 7H49&prime;<\/p>\n<p>433<sup>\u00e8me<\/sup> et avant-derni\u00e8re \u00e9tape\u00a0!<br \/>\nAu programme aujourd\u2019hui\u00a0: 40 kilom\u00e8tres de course pour Serge, dont la derni\u00e8re moiti\u00e9 se d\u00e9roulera au calme sur une voie verte. Le reste du travail concerne essentiellement l\u2019organisation de l\u2019arriv\u00e9e. Hier Laure, Anne et Monika nous ont rejoins avec une troisi\u00e8me voiture, qui ne sera pas de trop pour g\u00e9rer les diff\u00e9rentes missions du jour.<\/p>\n<p>Ce matin tout le monde se retrouve sur le parking pour r\u00e9am\u00e9nager et transf\u00e9rer les affaires entre les diff\u00e9rents v\u00e9hicules en fonction des diff\u00e9rentes missions du jour.<br \/>\nLe 4&#215;4 assure le ravitaillement de Serge pour les 20 premiers kilom\u00e8tres selon la formule habituelle\u00a0: caf\u00e9 gourmand, pur\u00e9e jambon\/fromage, yaourt\/muesli et <em>croque monsieur by Brigitte<\/em>. C\u2019est donc la derni\u00e8re fois que nous servons ces incontournables repas dont Serge ne se sera jamais lass\u00e9 durant 14 mois. Et cela fait tout dr\u00f4le.<\/p>\n<p>Les champs de colza sont toujours l\u00e0. Les avions d\u00e9collent sans arr\u00eat depuis l\u2019a\u00e9roport de Roissy qui n\u2019est qu\u2019\u00e0 quelques kilom\u00e8tres de nous, et les TGV n\u2019arr\u00eatent pas de traverser l\u2019horizon. Au loin on commence \u00e0 apercevoir la banlieue parisienne. On touche au but\u00a0!<\/p>\n<p>Chaque ravitaillement est une page qui se tourne. Pour la derni\u00e8re pur\u00e9e, Serge nous avoue que sur l\u2019ensemble de la course, c\u2019est celle de <em>lulu<\/em> qui \u00e9tait la plus r\u00e9ussie.<\/p>\n<p>L\u2019abondance de v\u00e9hicules suiveurs nous permet de reconna\u00eetre la route, et de voir que celle-ci est barr\u00e9e au 20<sup>\u00e8me<\/sup> kilom\u00e8tre. Et \u00e7a tombe plut\u00f4t bien, puisque c\u2019est ici que l\u2019\u00e9quipe se scinde en deux. Laure, Anne et Monika partent attendre notre coureur de l\u2019autre c\u00f4t\u00e9 des travaux, tandis que je pars avec mon \u00e9quipier Bertrand (dont la collaboration n\u2019aura \u00e9t\u00e9 que trop courte) ainsi que les PV, r\u00e9gler quelques petites affaires\u2026<br \/>\nWilliam arrive au m\u00eame moment pour courir l\u2019ensemble de la voie verte avec Serge. J\u2019ai l\u2019impression de me retrouver un peu comme dans les fins euphoriques de ces films o\u00f9 toutes les personnes qui ont collabor\u00e9 de pr\u00e8s ou de loin \u00e0 l\u2019aventure r\u00e9apparaissent \u00e0 la fin.<\/p>\n<p>A force de marteler depuis un mois que l\u2019arriv\u00e9e se fera le 8 avril, cela para\u00eet un peu surr\u00e9aliste d\u2019en \u00eatre d\u00e9j\u00e0 au 7. Mais nous y voil\u00e0, et l\u2019on a un peu du mal \u00e0 r\u00e9aliser.<\/p>\n<p>Paris est fid\u00e8le \u00e0 sa r\u00e9putation. Effervescente et \u00e9puisante. Apr\u00e8s plusieurs kilom\u00e8tres de bouchons ont fini par r\u00e9cup\u00e9rer le troph\u00e9e chez Dominique, la s\u0153ur de Serge. Puis l\u2019on remm\u00e8ne les pigeons voyageurs avec nous. Cinq heures apr\u00e8s notre d\u00e9part nous retrouvons enfin toute l\u2019\u00e9quipe pour ce qui sera notre dernier h\u00f4tel sur ce tour du monde. On d\u00e9charge le v\u00e9hicule, puis vient la derni\u00e8re mission de la journ\u00e9e\u00a0: reconna\u00eetre l\u2019\u00e9tape de demain.<br \/>\nDix kilom\u00e8tres en <em>v\u00e9lib<\/em> \u00e0 travers la capitale intra-muros, qui nous m\u00e8neront, moi, Bertrand et Monika au travers d\u2019un parcours assez sportif, reliant la Porte de la Villette en passant par les Grands Boulevards, jusqu\u2019\u00e0 la place du Trocad\u00e9ro.<\/p>\n<p>Pour tous ceux qui veulent venir courir demain les dix derniers kilom\u00e8tres de ce tour du monde: <strong>le rendez-vous est pr\u00e9vu \u00e0 midi \u00e0 l\u2019arr\u00eat de m\u00e9tro <em>Porte de la Villette<\/em>.<\/strong>\u00a0A l&rsquo;intersection entre le Boulevard MacDonald et l&rsquo;Avenue Corentin Cariou (attentions car plusieurs sorties). Pas besoin de conna\u00eetre la capitale comme sa poche, nous avons rep\u00e9r\u00e9 les lieux et vous serez aiguill\u00e9s comme il se doit. En attendant, si vous voulez vous impr\u00e9gner du parcours, celui-ci est disponible en fin d\u2019article (possibilit\u00e9 de courir le dernier kilom\u00e8tre du Trocad\u00e9ro au stade pour cela rendez vous \u00e0 14H20&prime; sur l&rsquo;esplanade du Trocad\u00e9ro (\u00e0 c\u00f4t\u00e9 du palais de Caillot)).<br \/>\nEt pour ceux qui souhaitent directement attendre au point d\u2019arriv\u00e9e, rendez-vous \u00e0 14h45 au centre sportif Emile Anthoine (<em>9 Rue Jean Rey, 75015 Paris<\/em>) pr\u00e8s de la tour Eiffel. A demain.<\/p>\n<p>Donn\u00e9es de la montre Epix:\u00a0<a href=\"https:\/\/connect.garmin.com\/modern\/activity\/embed\/1663398487\" target=\"_blank\">Garmin Connect<\/a><\/p>\n<p>Parcours de la derni\u00e8re \u00e9tape du Run Around The Planet:\u00a0<a href=\"http:\/\/www.openrunner.com\/index.php?id=7223896\" target=\"_blank\">Cliquer ici<\/a><\/p>\n<p><iframe loading=\"lazy\" width=\"560\" height=\"315\" src=\"https:\/\/www.youtube.com\/embed\/LBHdwwi0BxM\" frameborder=\"0\" allowfullscreen=\"allowfullscreen\"><\/iframe><\/p>\n","protected":false},"excerpt":{"rendered":"<p>49,65 km &#8211; 7H49&prime; 433\u00e8me et avant-derni\u00e8re \u00e9tape\u00a0! Au programme aujourd\u2019hui\u00a0: 40 kilom\u00e8tres de course pour Serge, dont la derni\u00e8re moiti\u00e9 se d\u00e9roulera au calme sur une voie verte. Le reste du travail concerne essentiellement l\u2019organisation de l\u2019arriv\u00e9e. Hier Laure, Anne et Monika nous ont rejoins avec une troisi\u00e8me voiture, qui ne sera pas de [&hellip;]<\/p>\n","protected":false},"author":1,"featured_media":16304,"comment_status":"closed","ping_status":"closed","sticky":false,"template":"","format":"standard","meta":{"_et_pb_use_builder":"","_et_pb_old_content":"","_et_gb_content_width":"","ngg_post_thumbnail":0,"footnotes":""},"categories":[9],"tags":[],"class_list":["post-16267","post","type-post","status-publish","format-standard","has-post-thumbnail","hentry","category-news"],"_links":{"self":[{"href":"https:\/\/sergegirard.fr\/fr\/wp-json\/wp\/v2\/posts\/16267","targetHints":{"allow":["GET"]}}],"collection":[{"href":"https:\/\/sergegirard.fr\/fr\/wp-json\/wp\/v2\/posts"}],"about":[{"href":"https:\/\/sergegirard.fr\/fr\/wp-json\/wp\/v2\/types\/post"}],"author":[{"embeddable":true,"href":"https:\/\/sergegirard.fr\/fr\/wp-json\/wp\/v2\/users\/1"}],"replies":[{"embeddable":true,"href":"https:\/\/sergegirard.fr\/fr\/wp-json\/wp\/v2\/comments?post=16267"}],"version-history":[{"count":3,"href":"https:\/\/sergegirard.fr\/fr\/wp-json\/wp\/v2\/posts\/16267\/revisions"}],"predecessor-version":[{"id":16320,"href":"https:\/\/sergegirard.fr\/fr\/wp-json\/wp\/v2\/posts\/16267\/revisions\/16320"}],"wp:featuredmedia":[{"embeddable":true,"href":"https:\/\/sergegirard.fr\/fr\/wp-json\/wp\/v2\/media\/16304"}],"wp:attachment":[{"href":"https:\/\/sergegirard.fr\/fr\/wp-json\/wp\/v2\/media?parent=16267"}],"wp:term":[{"taxonomy":"category","embeddable":true,"href":"https:\/\/sergegirard.fr\/fr\/wp-json\/wp\/v2\/categories?post=16267"},{"taxonomy":"post_tag","embeddable":true,"href":"https:\/\/sergegirard.fr\/fr\/wp-json\/wp\/v2\/tags?post=16267"}],"curies":[{"name":"wp","href":"https:\/\/api.w.org\/{rel}","templated":true}]}}