{"id":16232,"date":"2017-04-06T17:50:32","date_gmt":"2017-04-06T16:50:32","guid":{"rendered":"http:\/\/sergegirard.fr\/fr\/?p=16232"},"modified":"2017-04-06T21:49:31","modified_gmt":"2017-04-06T20:49:31","slug":"e432-jeudi-06-avril-villers-henon-barcy","status":"publish","type":"post","link":"https:\/\/sergegirard.fr\/fr\/2017\/04\/06\/e432-jeudi-06-avril-villers-henon-barcy\/","title":{"rendered":"E432: Jeudi 06 Avril \/\/ Villers-H\u00e9non &#8211; Barcy"},"content":{"rendered":"<p>55,43km &#8211; 7h48\u2019<\/p>\n<p style=\"text-align: justify;\">Ce matin d\u00e9part \u00e0 8h15. Cela fait deux soirs de suite que Serge veille&#8230; il y a du laisser-aller dans l&rsquo;air&#8230;<br \/>\n\u00ab\u00a0C\u2019est bient\u00f4t les vacances alors j\u2019ai le droit\u00a0\u00bb nous dit-il.\u00a0Un point pour l&rsquo;argumentation.<br \/>\nRoger et Brigitte partent en m\u00eame temps que nous. Jacky et son ami David, eux, nous attendent au point de d\u00e9part. Ce qui porte le nombre de personnes gravitant autour de notre coureur \u00e0 six. Et nous attendons encore du monde aujourd\u2019hui\u2026<\/p>\n<p style=\"text-align: justify;\">D\u00e8s le deuxi\u00e8me kilom\u00e8tre nous atteignons <em>Longpont<\/em> et son imposante abbaye cistercienne. En partie d\u00e9truite mais toujours debout (<em>toujours vivaaannte<\/em>), cette b\u00e2tisse n\u2019a pourtant pas \u00e9t\u00e9 endommag\u00e9e par la guerre. Alors que celle-ci pouvait abriter une centaine de moines, elle fut vendue \u00e0 la suite de la r\u00e9volution fran\u00e7aise de 1789, dans le cadre de la nationalisation des biens de l\u2019Eglise. Cette loi permettait \u00e0 la nation de revendre des biens appartenant \u00e0 l\u2019\u00e9glise catholique afin de renflouer les caisses de l\u2019\u00e9tat. C\u2019est ainsi que cette \u00e9glise fut vendue, et en partie d\u00e9mantel\u00e9e pour devenir une carri\u00e8re de pierres d\u00e9j\u00e0 taill\u00e9es. Dommage car le b\u00e2timent en jetait. Finalement il ne fut jamais compl\u00e8tement d\u00e9soss\u00e9, et offrit\u00a0m\u00eame de nombreux abris aux soldat s\u00e9n\u00e9galais lors de la premi\u00e8re Guerre Mondiale avant de finalement \u00eatre class\u00e9 <em>monument historique<\/em>.<\/p>\n<p style=\"text-align: justify;\">Au 15<sup>\u00e8me<\/sup> kilom\u00e8tre nous arrivons \u00e0 <em>Villers-Cotter\u00eats<\/em>.<br \/>\nL\u2019a\u00e9roport Roissy Charles de Gaulle n\u2019est qu\u2019\u00e0 54 kilom\u00e8tres de cette ville. On approche&#8230;<br \/>\nJe vous avais promis un compte-rendu acad\u00e9mique alors on continue. Les plus vieux \u00e9crits humains mentionnant cette ville remontent \u00e0 l\u2019\u00e9poque du bon roi Dagobert, en 632. En ces temps pas d\u2019histoire de culottes \u00e0 l\u2019envers et la ville se r\u00e9sume surtout \u00e0 une belle b\u00e2tisse royale entour\u00e9e de quelques chaumi\u00e8res. Et le souverain Dagobert aime \u00e0 venir chasser ici. Les si\u00e8cles passent, plusieurs guerres civiles aussi. Arrive la <em>Guerre de Cent Ans<\/em> qui laisse la r\u00e9gion d\u00e9serte pendant un petit moment. Et c\u2019est finalement Fran\u00e7ois 1<sup>er<\/sup>, lui aussi plut\u00f4t adepte du l\u00e2cher de gallinette cendr\u00e9e, qui va rendre au ch\u00e2teau de <em>Villers-Cotter\u00eats<\/em> ses lettres de noblesse.<br \/>\nLes nombreux aller-retour du roi qui s\u2019assure lui-m\u00eame de l\u2019avanc\u00e9e des travaux ram\u00e8nent de nombreux marchands, aubergistes et artisans qui s\u2019\u00e9tablissent le long du ch\u00e2teau. Idem pour les ouvriers qui doivent bien se loger. Bref, de nos jours les habitants de <em>Villers-Cotter\u00eats<\/em> peuvent \u00eatre redevable \u00e0 Fran\u00e7ois 1<sup>er<\/sup> et sa passion pour la chasse, qui ont insuffl\u00e9 \u00e0 eux tout seul l\u2019\u00e9lan de cr\u00e9ation de cette ville.<br \/>\nPour \u00eatre complet, c\u2019est ici que Fran\u00e7ois 1<sup>er<\/sup> a d\u00e9cr\u00e9ter que les lois seraient dor\u00e9navant \u00e9crites en fran\u00e7ais et non en latin. C\u2019\u00e9tait en 1539, et c\u2019est d\u2019ailleurs ainsi que le fran\u00e7ais est devenu la langue officielle de notre pays. Et puisque nous sommes dans les lettres c\u2019est aussi dans cette ville qu\u2019est n\u00e9 le c\u00e9l\u00e8bre \u00e9crivain <em>Alexandre Dumas<\/em>, auteur des Trois Mousquetaires. L\u00e0 encore une date qui ne rajeunit personne puisque c\u2019\u00e9tait en 1802.<\/p>\n<p style=\"text-align: justify;\">Une fois sortis de <em>Villers-Cotter\u00eats<\/em> nous quittons l\u2019Aisne pour rentrer en Oise. Pour finalement en ressortir, et y re-rentrer quelques centaines de m\u00e8tres plus tard. A l\u2019origine de ce micmac\u00a0: un bras d\u2019Aisne, lui m\u00eame enclavant un bout d\u2019Oise au beau milieu de la for\u00eat. Vous suivez\u00a0? Dr\u00f4le de fa\u00e7on de d\u00e9couper les territoires ici&#8230;<\/p>\n<p style=\"text-align: justify;\">Reste que quelques kilom\u00e8tres plus tard nous sommes d\u00e9finitivement dans l\u2019Aisne. Thibault viens nous retrouver \u00e0 <em>Betz<\/em>. Professeur, ce dernier a profit\u00e9 d\u2019un jeudi plut\u00f4t l\u00e9ger pour venir courir les 20 derniers kilom\u00e8tres avec Serge.<\/p>\n<p style=\"text-align: justify;\">Notre route, toujours tr\u00e8s tranquille, s\u2019engage dans les champs de colza. \u00c7a tombe bien on cherche \u00e0 refaire le plein d\u2019huile pour le 4&#215;4. Pour information, la France est 5<sup>\u00e8me<\/sup> producteur mondial derri\u00e8re l\u2019Allemagne, l\u2019Inde, la Chine mais surtout le <em>number one\u00a0<\/em>: le Canada et ses 22% de production mondiale.<\/p>\n<p style=\"text-align: justify;\">Evidemment la journ\u00e9e, encore plus courte que les pr\u00e9c\u00e9dentes avec 55 kilom\u00e8tres de parcours, passe tr\u00e8s tr\u00e8s vite. Surtout depuis que Brigitte a repris la cuisine en main\u2026 brioche fourr\u00e9e au jambon fum\u00e9, fromage et cr\u00e8me, cake \u00e0 la banane, chocolats chauds\u2026 bref, une avalanche de saveur\u2026<\/p>\n<p style=\"text-align: justify;\">Notre \u00e9tape s\u2019arr\u00eate \u00e0 <em>Barcy<\/em>. <em>Barcy <\/em>en Seine-et-Marne, et non au bord de la Seine\u2026<br \/>\nEn attendant rendez-vous demain, pour l\u2019avant-derni\u00e8re \u00e9tape\u00a0!<\/p>\n<p>Donn\u00e9es de la montre Epix: <a href=\"https:\/\/connect.garmin.com\/modern\/activity\/embed\/1661475842\" target=\"_blank\">Garmin Connect<\/a><br \/>\nParcours du vendredi 07 avril: Etape 433 <a href=\"http:\/\/www.openrunner.com\/index.php?id=7163352\" target=\"_blank\">partie 1<\/a> et <a href=\"http:\/\/www.openrunner.com\/index.php?id=7217101\" target=\"_blank\">partie 2<\/a><\/p>\n<p><iframe loading=\"lazy\" width=\"560\" height=\"315\" src=\"https:\/\/www.youtube.com\/embed\/M2-97LsKyjc\" frameborder=\"0\" allowfullscreen=\"allowfullscreen\"><\/iframe><\/p>\n","protected":false},"excerpt":{"rendered":"<p>55,43km &#8211; 7h48\u2019 Ce matin d\u00e9part \u00e0 8h15. Cela fait deux soirs de suite que Serge veille&#8230; il y a du laisser-aller dans l&rsquo;air&#8230; \u00ab\u00a0C\u2019est bient\u00f4t les vacances alors j\u2019ai le droit\u00a0\u00bb nous dit-il.\u00a0Un point pour l&rsquo;argumentation. Roger et Brigitte partent en m\u00eame temps que nous. Jacky et son ami David, eux, nous attendent au [&hellip;]<\/p>\n","protected":false},"author":1,"featured_media":16264,"comment_status":"closed","ping_status":"closed","sticky":false,"template":"","format":"standard","meta":{"_et_pb_use_builder":"","_et_pb_old_content":"","_et_gb_content_width":"","ngg_post_thumbnail":0,"footnotes":""},"categories":[9],"tags":[],"class_list":["post-16232","post","type-post","status-publish","format-standard","has-post-thumbnail","hentry","category-news"],"_links":{"self":[{"href":"https:\/\/sergegirard.fr\/fr\/wp-json\/wp\/v2\/posts\/16232","targetHints":{"allow":["GET"]}}],"collection":[{"href":"https:\/\/sergegirard.fr\/fr\/wp-json\/wp\/v2\/posts"}],"about":[{"href":"https:\/\/sergegirard.fr\/fr\/wp-json\/wp\/v2\/types\/post"}],"author":[{"embeddable":true,"href":"https:\/\/sergegirard.fr\/fr\/wp-json\/wp\/v2\/users\/1"}],"replies":[{"embeddable":true,"href":"https:\/\/sergegirard.fr\/fr\/wp-json\/wp\/v2\/comments?post=16232"}],"version-history":[{"count":1,"href":"https:\/\/sergegirard.fr\/fr\/wp-json\/wp\/v2\/posts\/16232\/revisions"}],"predecessor-version":[{"id":16233,"href":"https:\/\/sergegirard.fr\/fr\/wp-json\/wp\/v2\/posts\/16232\/revisions\/16233"}],"wp:featuredmedia":[{"embeddable":true,"href":"https:\/\/sergegirard.fr\/fr\/wp-json\/wp\/v2\/media\/16264"}],"wp:attachment":[{"href":"https:\/\/sergegirard.fr\/fr\/wp-json\/wp\/v2\/media?parent=16232"}],"wp:term":[{"taxonomy":"category","embeddable":true,"href":"https:\/\/sergegirard.fr\/fr\/wp-json\/wp\/v2\/categories?post=16232"},{"taxonomy":"post_tag","embeddable":true,"href":"https:\/\/sergegirard.fr\/fr\/wp-json\/wp\/v2\/tags?post=16232"}],"curies":[{"name":"wp","href":"https:\/\/api.w.org\/{rel}","templated":true}]}}