{"id":16075,"date":"2017-04-02T18:27:31","date_gmt":"2017-04-02T17:27:31","guid":{"rendered":"http:\/\/sergegirard.fr\/fr\/?p=16075"},"modified":"2017-04-02T22:11:05","modified_gmt":"2017-04-02T21:11:05","slug":"e428-dimanche-02-avril-gondrecourt-aix-varennes-en-argonne","status":"publish","type":"post","link":"https:\/\/sergegirard.fr\/fr\/2017\/04\/02\/e428-dimanche-02-avril-gondrecourt-aix-varennes-en-argonne\/","title":{"rendered":"E428: Dimanche 02 Avril \/\/ Gondrecourt-Aix &#8211; Varennes-en-Argonne"},"content":{"rendered":"<p>66,18km &#8211; 9h24\u2019<\/p>\n<p style=\"text-align: justify;\">Ce matin nous d\u00e9collons de chez <em>sa seigneurie de Luttange<\/em> vers 5h. Au programme tr\u00e8s exactement 60 kilom\u00e8tres de route pour rejoindre notre point de d\u00e9part. Soit une bonne cinquantaine de minutes en voiture, mais vu la mani\u00e8re dont David et Karine nous ont re\u00e7u, on ne regrette pas d\u2019avoir pass\u00e9 deux jours ici. Merci \u00e0 eux.<br \/>\nAfin de gagner du temps, nous empruntons l\u2019A4. Soudain appara\u00eet un panneau\u00a0: <em>Paris &#8211; 325km<\/em>. Serge est dans la voiture de Laure, mais assur\u00e9ment il doit l\u2019avoir vu. Avec en prime un petit pincement \u00e0 l\u2019estomac.<\/p>\n<p style=\"text-align: justify;\">Nous red\u00e9posons notre coureur au point d\u2019arriv\u00e9e de la veille. Ce matin le brouillard est \u00e0 couper au couteau et nous rappelle \u00e0 quel point la tenue orange fluo de Serge peut se r\u00e9v\u00e9ler\u00a0importante\u2026 quand il y a du trafic. En attendant nous avons le droit \u00e0 une petite phase hypoglyc\u00e9mique avant m\u00eame le premier ravitaillement. On fait demi-tour vers notre coureur et on avance l\u2019heure du caf\u00e9 et des madeleines.<\/p>\n<p style=\"text-align: justify;\">Les dimanches sont toujours tr\u00e8s calmes. Mais alors un dimanche dans la Meuse, en pleine campagne et au milieu du brouillard\u00a0: on ne risque pas d\u2019\u00eatre d\u00e9rang\u00e9s. M\u00eame le soleil qui est pourtant lev\u00e9 n\u2019arrive pas \u00e0 percer le voile brumeux. On peut observer sa parfaite sph\u00e9ricit\u00e9 \u00e0 travers le brouillard sans s\u2019abimer la r\u00e9tine.<\/p>\n<p style=\"text-align: justify;\">Aujourd\u2019hui nous approchons de Verdun. Alors c\u2019est une journ\u00e9e devoir de m\u00e9moire.<\/p>\n<p style=\"text-align: justify;\">Au 30<sup>\u00e8me<\/sup> kilom\u00e8tre nous p\u00e9n\u00e9trons sur le champ de bataille de cette sanglante bataille qui aura au total dur\u00e9 plus de 9 mois (de f\u00e9vrier \u00e0 d\u00e9cembre 1916) et fait plus de 700 000 morts des deux c\u00f4t\u00e9s. Je vous passe le calcul\u00a0: cela fait une moyenne de plus de 2000 morts par jour pendant 10 mois cons\u00e9cutifs\u2026<br \/>\nA travers la for\u00eat domaniale de Verdun les monuments en hommage aux victimes et autres h\u00e9ros sont nombreux. Le sol de la for\u00eat, lui, est creus\u00e9 d\u2019innombrables impacts d\u2019obus qui t\u00e9moignent de la violence des combats. Ce terrain d\u2019affrontement \u00e0 d\u2019ailleurs du \u00eatre particuli\u00e8rement p\u00e9rilleux tant la for\u00eat est dense.<\/p>\n<p style=\"text-align: justify;\">Nous arrivons ensuite devant la <em>n\u00e9cropole<\/em> <em>nationale de Douaumont<\/em>. Cet endroit, c\u00e9l\u00e8bre pour ses comm\u00e9morations (notamment celle o\u00f9 Fran\u00e7ois Mitterrand et Helmut Kohl se sont pris la main), poss\u00e8de tr\u00e8s exactement 16 142 tombes repr\u00e9sent\u00e9es par des croix blanches parfaitement dispos\u00e9es les unes par rapport aux autres. On y retrouve des fran\u00e7ais de toutes confessions\u00a0: catholiques, musulmanes, juives. L\u2019endroit r\u00e9uni plus de 200 000 visiteurs par an.<\/p>\n<p style=\"text-align: justify;\">Si la bataille de la Somme a \u00e9t\u00e9 plus meurtri\u00e8re que celle de Verdun, c\u2019est pourtant cette derni\u00e8re qui est consid\u00e9r\u00e9e comme la \u00ab\u00a0m\u00e8re des batailles\u00a0\u00bb. Car le mythe de Verdun s\u2019est construit autour du c\u00f4t\u00e9 inhumain et h\u00e9ro\u00efque de l\u2019affrontement, o\u00f9 le r\u00f4le de soldat consistait plus \u00e0 survivre que combattre et o\u00f9 les conditions \u00e9taient dignes de celles d\u2019un enfer. La cerise sur le g\u00e2teau \u00e9tant que tout cela aura d\u00e9bouch\u00e9 sur un r\u00e9sultat nul symbolisant la futilit\u00e9 de cette guerre. En effet la France aura r\u00e9sist\u00e9 \u00e0 l\u2019assaut allemand, mais personne ne sera sorti vainqueur de cette bataille. Une sorte de \u00ab\u00a0victoire d\u00e9fensive\u00a0\u00bb.<\/p>\n<p style=\"text-align: justify;\">Au quaranti\u00e8me kilom\u00e8tre notre route croise celle du \u00ab\u00a0village Gaulois\u00a0\u00bb, un restaurant d\u00e9bord\u00e9 en ce dimanche midi. Il y a m\u00eame un car allemand arr\u00eat\u00e9 sur le parking. S\u2019il y a 100 ans on avait expliqu\u00e9 aux gens qu\u2019en ce dimanche 2 avril 2017 des allemands viendraient par cars entiers manger chez les gaulois, nous serions pass\u00e9s pour des fous\u2026<\/p>\n<p style=\"text-align: justify;\">L\u2019apr\u00e8s-midi est, comme \u00e0 son habitude, estival au possible. On enchaine les villages dont la population n\u2019exc\u00e8de jamais plus d\u2019une centaine d\u2019habitants. La guerre a ind\u00e9niablement laiss\u00e9 des traces dans le coin, et on a l\u2019impression d\u2019avancer dans un vide d\u00e9mographique.<\/p>\n<p style=\"text-align: justify;\">Nous terminons notre \u00e9tape \u00e0 <em>Varennes-en-Argonne<\/em>, sorte de centre n\u00e9vralgique des environs\u00a0: une boulangerie, une poste, un h\u00f4tel, deux restaurants et une \u00e9cole.<br \/>\nA demain.<\/p>\n<p>Donn\u00e9es de la montre Epix: <a href=\"https:\/\/connect.garmin.com\/modern\/activity\/embed\/1654299869\" target=\"_blank\">Garmin Connect<\/a><\/p>\n<p>Parcours du lundi 03 avril: <a href=\"http:\/\/www.openrunner.com\/index.php?id=7163286\" target=\"_blank\">Etape 429<\/a><\/p>\n<p><iframe loading=\"lazy\" width=\"560\" height=\"315\" src=\"https:\/\/www.youtube.com\/embed\/T0s2ueLyKcs\" frameborder=\"0\" allowfullscreen=\"allowfullscreen\"><\/iframe><\/p>\n<p>&nbsp;<\/p>\n","protected":false},"excerpt":{"rendered":"<p>66,18km &#8211; 9h24\u2019 Ce matin nous d\u00e9collons de chez sa seigneurie de Luttange vers 5h. Au programme tr\u00e8s exactement 60 kilom\u00e8tres de route pour rejoindre notre point de d\u00e9part. Soit une bonne cinquantaine de minutes en voiture, mais vu la mani\u00e8re dont David et Karine nous ont re\u00e7u, on ne regrette pas d\u2019avoir pass\u00e9 deux [&hellip;]<\/p>\n","protected":false},"author":1,"featured_media":16120,"comment_status":"closed","ping_status":"closed","sticky":false,"template":"","format":"standard","meta":{"_et_pb_use_builder":"","_et_pb_old_content":"","_et_gb_content_width":"","ngg_post_thumbnail":0,"footnotes":""},"categories":[9],"tags":[],"class_list":["post-16075","post","type-post","status-publish","format-standard","has-post-thumbnail","hentry","category-news"],"_links":{"self":[{"href":"https:\/\/sergegirard.fr\/fr\/wp-json\/wp\/v2\/posts\/16075","targetHints":{"allow":["GET"]}}],"collection":[{"href":"https:\/\/sergegirard.fr\/fr\/wp-json\/wp\/v2\/posts"}],"about":[{"href":"https:\/\/sergegirard.fr\/fr\/wp-json\/wp\/v2\/types\/post"}],"author":[{"embeddable":true,"href":"https:\/\/sergegirard.fr\/fr\/wp-json\/wp\/v2\/users\/1"}],"replies":[{"embeddable":true,"href":"https:\/\/sergegirard.fr\/fr\/wp-json\/wp\/v2\/comments?post=16075"}],"version-history":[{"count":3,"href":"https:\/\/sergegirard.fr\/fr\/wp-json\/wp\/v2\/posts\/16075\/revisions"}],"predecessor-version":[{"id":16125,"href":"https:\/\/sergegirard.fr\/fr\/wp-json\/wp\/v2\/posts\/16075\/revisions\/16125"}],"wp:featuredmedia":[{"embeddable":true,"href":"https:\/\/sergegirard.fr\/fr\/wp-json\/wp\/v2\/media\/16120"}],"wp:attachment":[{"href":"https:\/\/sergegirard.fr\/fr\/wp-json\/wp\/v2\/media?parent=16075"}],"wp:term":[{"taxonomy":"category","embeddable":true,"href":"https:\/\/sergegirard.fr\/fr\/wp-json\/wp\/v2\/categories?post=16075"},{"taxonomy":"post_tag","embeddable":true,"href":"https:\/\/sergegirard.fr\/fr\/wp-json\/wp\/v2\/tags?post=16075"}],"curies":[{"name":"wp","href":"https:\/\/api.w.org\/{rel}","templated":true}]}}