{"id":15908,"date":"2017-03-29T21:28:51","date_gmt":"2017-03-29T20:28:51","guid":{"rendered":"http:\/\/sergegirard.fr\/fr\/?p=15908"},"modified":"2017-03-30T21:14:21","modified_gmt":"2017-03-30T20:14:21","slug":"e424-mercredi-29-mars-rastatt-sturzelbronn","status":"publish","type":"post","link":"https:\/\/sergegirard.fr\/fr\/2017\/03\/29\/e424-mercredi-29-mars-rastatt-sturzelbronn\/","title":{"rendered":"E424: Mercredi 29 Mars \/\/ Rastatt &#8211; Sturzelbronn (France)"},"content":{"rendered":"<p>70,11km &#8211; 10h27&prime;<\/p>\n<p style=\"text-align: justify;\">Ce matin nous nous faisons cueillir d\u00e8s le r\u00e9veil par les journalistes de France 3. Motif\u00a0: tourner la s\u00e9quence \u00ab\u00a0lever du coureur\u00a0\u00bb. Le nombre de personne dans la chambre double en quelques secondes, et c\u2019est un Serge entour\u00e9 d\u2019une cam\u00e9ra, d\u2019un micro et d\u2019un flash qui s\u2019\u00e9veille. Il ne manque plus que le tapis rouge.<\/p>\n<p style=\"text-align: justify;\">Reprise des d\u00e9bats \u00e0 quelques kilom\u00e8tres seulement de la fronti\u00e8re. Derri\u00e8re nous la For\u00eat-Noire est toujours l\u00e0, immobile et imposante, comme pour nous dire au revoir apr\u00e8s l\u2019\u00e9prouvante journ\u00e9e d\u2019hier. Le temps d\u2019acheter quelques derni\u00e8res viennoiseries allemandes, de l\u2019eau, des fruits et nous voil\u00e0 devant ce pont. Devant le Rhin et cette fameuse fronti\u00e8re franco-allemande. On s\u2019arr\u00eate au panneau \u00ab\u00a0Frankreich\u00a0\u00bb pour faire quelques photos, et c\u2019est parti\u00a0!<\/p>\n<p style=\"text-align: justify;\">*roulements de tambours*<br \/>\nMesdames et messieurs, apr\u00e8s 404 jours hors de France, 16 pays suppl\u00e9mentaires travers\u00e9s, des milliers de ravitaillements ainsi qu\u2019une vingtaine de millions de foul\u00e9es, nous avons le plaisir de vous annoncer\u00a0que Serge est de retour dans l\u2019hexagone\u00a0!\u00a0CO-CO-RI-CO ! Je n\u2019ose pas imaginer \u00e0 quel point \u00e7a doit lui faire bizarre. D\u00e9j\u00e0, le simple fait d\u2019entendre parler fran\u00e7ais autour de soi doit \u00eatre assez perturbant. Mais ensuite il y a tous ces petits d\u00e9tails visuels de la vie quotidienne fran\u00e7aise qui doivent soudainement vous rejaillir en pleine face. Dr\u00f4le de sensation que lui seul peut\u00a0vraiment ressentir en ce moment-m\u00eame.<\/p>\n<p style=\"text-align: justify;\">Mais un retour en France signifie aussi un retour des t\u00e9l\u00e9phones portables. Et surtout de l\u2019usage d\u2019internet sur ces derniers. Bien pratique lorsqu\u2019il s\u2019agit de localiser Serge en temps direct, de consulter ses mails et les \u00e9ventuelles r\u00e9servation de logements, ainsi que le restant de l\u2019\u00e9tape sur le GPS, mais aussi des infos pour \u00e9crire le compte-rendu\u2026 bref voil\u00e0\u00a0un confort que je suis bien content de retrouver.<\/p>\n<p style=\"text-align: justify;\">Pour ces premiers kilom\u00e8tres de retrouvailles avec la France, nous traversons de tr\u00e8s jolis petits villages dont les noms n\u2019ont pour l\u2019instant rien de francophone. <em>Beinheim<\/em>, <em>Kesseldorf<\/em>, <em>Niederroedern<\/em>\u2026 mais nous sommes en Alsace me direz-vous. Et c\u2019est assur\u00e9ment la r\u00e9gion fran\u00e7aise qui partage le plus en commun avec nos voisins allemands, notamment de par leur fronti\u00e8re mais surtout leur histoire.<\/p>\n<p style=\"text-align: justify;\">Nous naviguons au travers de routes extr\u00eamement tranquilles, tant\u00f4t en pleine for\u00eat, tant\u00f4t dans de petits villages. Les maisons en colombages typiques de la r\u00e9gion ne manquent pas \u00e0 l\u2019appel, et tout le monde ici semble prendre extr\u00eamement soin de son jardin. Il y a mille et une choses \u00e0 y observer.<br \/>\nLes cigognes, embl\u00e8me de la r\u00e9gion, ne tardent pas \u00e0 faire leur apparition. Que ce soit nich\u00e9es sur des toits ou tranquillement debout dans des champs, nous en apercevons plusieurs d\u00e8s les premiers kilom\u00e8tres. Pratiquement disparues de la r\u00e9gion dans les ann\u00e9es 70, elles ont \u00e9t\u00e9 r\u00e9introduites depuis et effectuent des aller-retours migratoires entre l\u2019Europe et l\u2019Afrique. Ainsi en ce moment elles arrivent tout juste du Kenya et de la Tanzanie, apr\u00e8s \u00eatre pass\u00e9es par l\u2019Egypte et l\u2019Europe de l\u2019Est (les cigognes ne volent pas au-dessus des oc\u00e9ans car pas d\u2019ascendants thermiques). Soit un voyage de pratiquement 10 000 kilom\u00e8tres qu\u2019elles r\u00e9it\u00e8reront en ao\u00fbt, lorsque l\u2019\u00e9t\u00e9 commencera \u00e0 faire ses valises.<\/p>\n<p style=\"text-align: justify;\">Comme c\u2019\u00e9tait le cas en Allemagne, la campagne alsacienne est truff\u00e9e d\u2019\u00e9glises. On dit souvent qu\u2019ici les protestants sont pro-allemands et les catholiques pro-fran\u00e7ais. La question identitaire reste tr\u00e8s importante en Alsace.<\/p>\n<p style=\"text-align: justify;\">Apr\u00e8s \u00eatre redescendus de 400 m\u00e8tres en altitude hier (sortie de For\u00eat-Noire oblige), voil\u00e0 que nous remontons tout doucement dans les Vosges. D\u00e9j\u00e0 200 m\u00e8tres de repris en milieu de journ\u00e9e. En se retournant, on peut observer la vall\u00e9e du Rhin et au loin on aper\u00e7oit toujours cette For\u00eat-Noire formant un bandeau fonc\u00e9 juste au-dessus de l\u2019horizon.<\/p>\n<p style=\"text-align: justify;\">L\u2019apr\u00e8s-midi est encore plus calme que la matin\u00e9e. Hier Serge avait le choix entre deux itin\u00e9raires. L\u2019un assez plat mais sur un axe circulant. L\u2019autre plus vallonn\u00e9 mais sur des routes plus tranquilles. Au vu de la circulation que nous avons subi sur ces derniers jours en Allemagne, notre coureur \u00e0 donc privil\u00e9gi\u00e9 la deuxi\u00e8me option. Le d\u00e9nivel\u00e9 est donc encore important aujourd\u2019hui. Mais s\u2019affronte bien souvent dans un silence que seule la nature vient briser.<\/p>\n<p style=\"text-align: justify;\">Preuve que notre coureur est multig\u00e9n\u00e9rationnel, le premier visiteur de cette deuxi\u00e8me partie fran\u00e7aise se pr\u00e9nomme Valentin et est \u00e2g\u00e9 de 20 ans. Celui-ci a roul\u00e9 une heure et demie depuis Mulhouse\u00a0pour venir partager la fin de journ\u00e9e avec Serge. Les deux sportifs discutent all\u00e8grement jusqu\u2019\u00e0 la fin d\u2019\u00e9tape, au beau milieu du superbe parc naturel des Vosges. Il est vrai qu\u2019aujourd\u2019hui nous sommes g\u00e2t\u00e9s, tant par la tranquillit\u00e9 que la beaut\u00e9 de cette \u00e9tape. Et nul besoin de pr\u00e9ciser qu\u2019il fait encore une bonne vingtaine de degr\u00e9s.<\/p>\n<p style=\"text-align: justify;\">L\u2019\u00e9tape se termine comme \u00e0 son habitude \u00e0 plus de 70 kilom\u00e8tres au compteur. Le temps pour nous de dire au revoir \u00e0 Valentin et de lui souhaiter un bon retour \u00e0 Mulhouse. C\u2019\u00e9tait un plaisir et on esp\u00e8re le revoir \u00e0 l\u2019arriv\u00e9e. Ce soir nous dormons \u00e0 <em>Bitche<\/em>, juste devant son imposante et superbe citadelle, o\u00f9 Serge se souvient \u00eatre venu lors de son service militaire. On esp\u00e8re juste que le r\u00e9veil ne se fera pas au clairon demain. Bonne nuit.<\/p>\n<p>Donn\u00e9es de la montre Epix: <a href=\"https:\/\/connect.garmin.com\/modern\/activity\/embed\/1646797920\" target=\"_blank\">Garmin Connect<\/a><\/p>\n<p>Parcours du jeudi 30 mars: <a href=\"http:\/\/www.openrunner.com\/index.php?id=7109017\" target=\"_blank\">Etape 425<\/a><\/p>\n<p><iframe loading=\"lazy\" width=\"560\" height=\"315\" src=\"https:\/\/www.youtube.com\/embed\/lB48RUGE-FQ\" frameborder=\"0\" allowfullscreen=\"allowfullscreen\"><\/iframe><\/p>\n","protected":false},"excerpt":{"rendered":"<p>70,11km &#8211; 10h27&prime; Ce matin nous nous faisons cueillir d\u00e8s le r\u00e9veil par les journalistes de France 3. Motif\u00a0: tourner la s\u00e9quence \u00ab\u00a0lever du coureur\u00a0\u00bb. Le nombre de personne dans la chambre double en quelques secondes, et c\u2019est un Serge entour\u00e9 d\u2019une cam\u00e9ra, d\u2019un micro et d\u2019un flash qui s\u2019\u00e9veille. Il ne manque plus que [&hellip;]<\/p>\n","protected":false},"author":1,"featured_media":15952,"comment_status":"closed","ping_status":"closed","sticky":false,"template":"","format":"standard","meta":{"_et_pb_use_builder":"","_et_pb_old_content":"","_et_gb_content_width":"","ngg_post_thumbnail":0,"footnotes":""},"categories":[9],"tags":[],"class_list":["post-15908","post","type-post","status-publish","format-standard","has-post-thumbnail","hentry","category-news"],"_links":{"self":[{"href":"https:\/\/sergegirard.fr\/fr\/wp-json\/wp\/v2\/posts\/15908","targetHints":{"allow":["GET"]}}],"collection":[{"href":"https:\/\/sergegirard.fr\/fr\/wp-json\/wp\/v2\/posts"}],"about":[{"href":"https:\/\/sergegirard.fr\/fr\/wp-json\/wp\/v2\/types\/post"}],"author":[{"embeddable":true,"href":"https:\/\/sergegirard.fr\/fr\/wp-json\/wp\/v2\/users\/1"}],"replies":[{"embeddable":true,"href":"https:\/\/sergegirard.fr\/fr\/wp-json\/wp\/v2\/comments?post=15908"}],"version-history":[{"count":3,"href":"https:\/\/sergegirard.fr\/fr\/wp-json\/wp\/v2\/posts\/15908\/revisions"}],"predecessor-version":[{"id":15960,"href":"https:\/\/sergegirard.fr\/fr\/wp-json\/wp\/v2\/posts\/15908\/revisions\/15960"}],"wp:featuredmedia":[{"embeddable":true,"href":"https:\/\/sergegirard.fr\/fr\/wp-json\/wp\/v2\/media\/15952"}],"wp:attachment":[{"href":"https:\/\/sergegirard.fr\/fr\/wp-json\/wp\/v2\/media?parent=15908"}],"wp:term":[{"taxonomy":"category","embeddable":true,"href":"https:\/\/sergegirard.fr\/fr\/wp-json\/wp\/v2\/categories?post=15908"},{"taxonomy":"post_tag","embeddable":true,"href":"https:\/\/sergegirard.fr\/fr\/wp-json\/wp\/v2\/tags?post=15908"}],"curies":[{"name":"wp","href":"https:\/\/api.w.org\/{rel}","templated":true}]}}