{"id":15799,"date":"2017-03-26T17:54:25","date_gmt":"2017-03-26T16:54:25","guid":{"rendered":"http:\/\/sergegirard.fr\/fr\/?p=15799"},"modified":"2017-03-26T21:12:16","modified_gmt":"2017-03-26T20:12:16","slug":"e421-dimanche-26-mars-ballmertshofen-pfahlbronn","status":"publish","type":"post","link":"https:\/\/sergegirard.fr\/fr\/2017\/03\/26\/e421-dimanche-26-mars-ballmertshofen-pfahlbronn\/","title":{"rendered":"E421: Dimanche 26 Mars \/\/ Ballmertshofen &#8211; Pfahlbronn"},"content":{"rendered":"<p style=\"text-align: justify;\">70,00km &#8211; 10h40\u2019<\/p>\n<p style=\"text-align: justify;\">Aujourd\u2019hui jour du seigneur et pourtant les \u00e9glises et monast\u00e8res voient rouge en ce d\u00e9but de journ\u00e9e. Toutes leurs vitres dirig\u00e9es vers l\u2019est sont inond\u00e9es de la lumi\u00e8re d\u2019un superbe lever de soleil aux teintes rouge vif. Sur ce tour du monde nous aurons eu la chance d\u2019admirer pl\u00e9thore de belles lumi\u00e8res matinales, dont la grande majorit\u00e9 nous aurait presque donn\u00e9 envie de devenir peintre\u2026<\/p>\n<p style=\"text-align: justify;\">Jour du seigneur donc, mais surtout jour du changement d\u2019heure\u00a0! Et pour une fois celui-ci s\u2019est parfaitement d\u00e9roul\u00e9. Je me souviens de quelques emm\u00ealements de pinceaux avec les diff\u00e9rents fuseaux horaires \u00e9tatsuniens, qui avaient d\u00e9bouch\u00e9 sur des errances dans des couloirs d\u2019h\u00f4tels vides car beaucoup trop t\u00f4t\u2026<\/p>\n<p style=\"text-align: justify;\">Serge est d\u00e9pos\u00e9 pr\u00e9cis\u00e9ment l\u00e0 o\u00f9 il a \u00e9t\u00e9 r\u00e9cup\u00e9r\u00e9 hier. Notre route reprend dans la r\u00e9gion de la Bade-Wurtemberg. Fini la Bavi\u00e8re et ses drapeaux bleus et blancs, faites place au jaune et noir d\u2019une r\u00e9gion plus connue chez nous sous le nom de \u00ab\u00a0pays de Bade\u00a0\u00bb. N\u00e9anmoins la temp\u00e9rature de ce matin n\u2019a rien de <em>bade-waterienne<\/em> (comprendra qui pourra ce subtil jeu de mot) puisque le thermom\u00e8tre du v\u00e9hicule affiche seulement 3 degr\u00e9s. Serge arrive frigorifi\u00e9 au premier ravitaillement et se r\u00e9chauffe les mains autour de la traditionnelle tasse de caf\u00e9.<\/p>\n<p style=\"text-align: justify;\">Dix kilom\u00e8tres plus loin, la machine est enfin lanc\u00e9e. Et r\u00e9chauff\u00e9e. Assur\u00e9ment aid\u00e9e par les rayons du soleil arriv\u00e9s entre temps. Nous continuons de traverser par moment de tr\u00e8s sombres for\u00eats et sans vraiment nous en rendre compte nous montons en altitude. Et derri\u00e8re toute bonne mont\u00e9e, se cache forc\u00e9ment une bonne descente. Celle-ci est assez p\u00e9rilleuse car en forme de lacets et compl\u00e8tement d\u00e9munie de bas-c\u00f4t\u00e9s. Le ton monte entre notre coureur et une circulation dominicale plus importante que pr\u00e9vue. Mais avec un recul de quelques minutes, notre coureur accepte les coups de klaxons. \u00ab\u00a0C\u2019est normal qu\u2019ils ne comprennent pas ce que je fais l\u00e0\u00a0\u00bb me dit-il.<br \/>\nComment peuvent-ils ne pas comprendre que Serge travaille pour la DDE et qu\u2019il vient s\u2019assurer que cette portion de route est en bon \u00e9tat\u00a0?<\/p>\n<p style=\"text-align: justify;\">Toute la journ\u00e9e nous n\u2019aurons eu de cesse d\u2019apercevoir des \u00e9oliennes. Et pour cause, l\u2019Allemagne est num\u00e9ro un en Europe en ce qui concerne ce secteur d\u2019\u00e9nergie. Elle produit 24,6% de la production totale europ\u00e9enne. Au niveau mondial elle en produit 10,3% et se place derri\u00e8re la Chine et les Etats-Unis. Le gros des \u00e9oliennes \u00e9tant situ\u00e9 dans le nord du pays, je n\u2019ose pas imaginer combien il y en a l\u00e0-haut\u2026<\/p>\n<p style=\"text-align: justify;\">Serge termine son \u00e9tape avec un d\u00e9nivel\u00e9 positif de\u00a0757m. La campagne allemande est bien plus vallonn\u00e9e que nous ne l\u2019aurions imagin\u00e9, et ces mont\u00e9es \/ descentes auront bien fatigu\u00e9 notre coureur. A demain.<\/p>\n<p>Donn\u00e9es de la montre Epix: <a href=\"https:\/\/connect.garmin.com\/modern\/activity\/embed\/1641499013\" target=\"_blank\">Garmin Connect<\/a><\/p>\n<p>&nbsp;<\/p>\n<p><iframe loading=\"lazy\" width=\"560\" height=\"315\" src=\"https:\/\/www.youtube.com\/embed\/3TiWC5RbN7A\" frameborder=\"0\" allowfullscreen=\"allowfullscreen\"><\/iframe><\/p>\n","protected":false},"excerpt":{"rendered":"<p>70,00km &#8211; 10h40\u2019 Aujourd\u2019hui jour du seigneur et pourtant les \u00e9glises et monast\u00e8res voient rouge en ce d\u00e9but de journ\u00e9e. Toutes leurs vitres dirig\u00e9es vers l\u2019est sont inond\u00e9es de la lumi\u00e8re d\u2019un superbe lever de soleil aux teintes rouge vif. Sur ce tour du monde nous aurons eu la chance d\u2019admirer pl\u00e9thore de belles lumi\u00e8res [&hellip;]<\/p>\n","protected":false},"author":1,"featured_media":15819,"comment_status":"closed","ping_status":"closed","sticky":false,"template":"","format":"standard","meta":{"_et_pb_use_builder":"","_et_pb_old_content":"","_et_gb_content_width":"","ngg_post_thumbnail":0,"footnotes":""},"categories":[9],"tags":[],"class_list":["post-15799","post","type-post","status-publish","format-standard","has-post-thumbnail","hentry","category-news"],"_links":{"self":[{"href":"https:\/\/sergegirard.fr\/fr\/wp-json\/wp\/v2\/posts\/15799","targetHints":{"allow":["GET"]}}],"collection":[{"href":"https:\/\/sergegirard.fr\/fr\/wp-json\/wp\/v2\/posts"}],"about":[{"href":"https:\/\/sergegirard.fr\/fr\/wp-json\/wp\/v2\/types\/post"}],"author":[{"embeddable":true,"href":"https:\/\/sergegirard.fr\/fr\/wp-json\/wp\/v2\/users\/1"}],"replies":[{"embeddable":true,"href":"https:\/\/sergegirard.fr\/fr\/wp-json\/wp\/v2\/comments?post=15799"}],"version-history":[{"count":3,"href":"https:\/\/sergegirard.fr\/fr\/wp-json\/wp\/v2\/posts\/15799\/revisions"}],"predecessor-version":[{"id":15823,"href":"https:\/\/sergegirard.fr\/fr\/wp-json\/wp\/v2\/posts\/15799\/revisions\/15823"}],"wp:featuredmedia":[{"embeddable":true,"href":"https:\/\/sergegirard.fr\/fr\/wp-json\/wp\/v2\/media\/15819"}],"wp:attachment":[{"href":"https:\/\/sergegirard.fr\/fr\/wp-json\/wp\/v2\/media?parent=15799"}],"wp:term":[{"taxonomy":"category","embeddable":true,"href":"https:\/\/sergegirard.fr\/fr\/wp-json\/wp\/v2\/categories?post=15799"},{"taxonomy":"post_tag","embeddable":true,"href":"https:\/\/sergegirard.fr\/fr\/wp-json\/wp\/v2\/tags?post=15799"}],"curies":[{"name":"wp","href":"https:\/\/api.w.org\/{rel}","templated":true}]}}