{"id":15720,"date":"2017-03-24T17:53:51","date_gmt":"2017-03-24T16:53:51","guid":{"rendered":"http:\/\/sergegirard.fr\/fr\/?p=15720"},"modified":"2017-03-24T19:51:42","modified_gmt":"2017-03-24T18:51:42","slug":"e419-vendredi-23-mars-wang-aichach","status":"publish","type":"post","link":"https:\/\/sergegirard.fr\/fr\/2017\/03\/24\/e419-vendredi-23-mars-wang-aichach\/","title":{"rendered":"E419: Vendredi 23 Mars \/\/ Wang &#8211; Aichach"},"content":{"rendered":"<p style=\"text-align: justify;\">70,01km &#8211; 10h23&prime;<\/p>\n<p>Aujourd\u2019hui il reste officiellement moins de 1000 kilom\u00e8tres \u00e0 parcourir sur ce tour du monde. Et oui, \u00e0 d\u00e9faut de me r\u00e9p\u00e9ter, la fin est proche\u00a0! Et puisque nous sommes dans les chiffres, sachez que c\u2019est aussi en cette 419<sup>\u00e8me<\/sup> \u00e9tape que Serge va passer la barre des 600 marathons. Mais nous y reviendrons cet apr\u00e8s-midi. En attendant, il n\u2019est que 6h du matin et nous commen\u00e7ons l\u2019\u00e9tape dans une bien fra\u00eeche campagne bavaroise.<\/p>\n<p>Depuis que nous sommes en Allemagne nous avan\u00e7ons plein ouest. Il faut dire que pendant cette derni\u00e8re semaine nous n\u2019avons pas arr\u00eat\u00e9 de monter vers le nord. Les Alpes maintenant termin\u00e9es, il \u00e9tait temps que l\u2019on r\u00e9ajuste notre trajectoire vers Paris. Lorsque je regarde notre position sur le GPS, celui-ci m\u2019indique une latitude de\u00a048,29 degr\u00e9 nord. Ce qui fait que nous sommes pratiquement \u00e0 la m\u00eame hauteur que Brest.<\/p>\n<p>Nous passons le village de <em>Kichdorf An Der Amper<\/em>. Il fait \u00e0 peine 7\u00b0C et les enfants vont tranquillement \u00e0 l\u2019\u00e9cole en pull\u2026 soit leur s\u00e9curit\u00e9 sociale est excellente, soit les allemands ne craignent vraiment pas le froid\u2026<\/p>\n<p>Ludovic profite du calme matinal pour faire l\u2019inventaire de la nourriture qu\u2019il nous reste. Plus besoin de pr\u00e9voir sur le long terme, l\u2019important est maintenant de calculer ce qu\u2019il est n\u00e9cessaire ou non de racheter pour ces deux derni\u00e8res semaines.<\/p>\n<p>Etonnamment, depuis notre entr\u00e9e en Allemagne nous croisons tr\u00e8s peu de gens qui parlent anglais. Certes la Bavi\u00e8re n\u2019est pas r\u00e9put\u00e9e pour son tourisme, mais nous ne nous attendions pas \u00e0 un dialogue aussi difficile. Hier et avant-hier les g\u00e9rants d\u2019h\u00f4tels ne parlaient rien d\u2019autre que l\u2019allemand, et celui de Serge et Ludovic \u00e9tant quelque peu rouill\u00e9\u2026<br \/>\nUne fois \u00e0 table on improvise, et bien souvent mimer les bruits d\u2019animaux histoire d\u2019\u00eatre sur que l\u2019on s\u2019appr\u00eate bien \u00e0 commander la bonne viande est la meilleure des solutions.<\/p>\n<p>Dans chacun des villages, s\u2019il y a un b\u00e2timent qui r\u00e9pond toujours pr\u00e9sent c\u2019est bien l\u2019\u00e9glise. Comme dans nos campagnes, les clochers sont nombreux et parfaitement visibles de loin. Actuellement nous sommes dans une r\u00e9gion \u00e0 grande majorit\u00e9 catholique (55% de pratiquants en Bavi\u00e8re contre 30% sur l\u2019ensemble du pays). Elle est m\u00eame consid\u00e9r\u00e9e comme un v\u00e9ritable noyau de la spiritualit\u00e9 catholique. Ici toutes les grandes f\u00eates religieuses rythment le cours de l\u2019ann\u00e9e. Beaucoup de saints sont c\u00e9l\u00e9br\u00e9s par des d\u00e9fil\u00e9s o\u00f9 les gens se d\u00e9guisent dans les rues. A No\u00ebl, chacun vit reclus chez soi, en famille, et pendant une semaine la vie s\u2019arr\u00eate compl\u00e8tement. D\u2019une mani\u00e8re g\u00e9n\u00e9rale, en Bavi\u00e8re le culte et les traditions sont tr\u00e8s importants et respect\u00e9s. Le vendredi les lieux publics, h\u00f4pitaux et cantines ne servent \u00e0 manger que du poisson. Chaque fin de mois un denier du culte est pr\u00e9lev\u00e9 sur les salaires, sauf pour ceux officiellement d\u00e9clar\u00e9s \u00ab\u00a0sans appartenance religieuse\u00a0\u00bb. La politique bavaroise est m\u00eame tr\u00e8s conservatrice, notamment en ce qui concerne l\u2019avortement. Dans les \u00e9coles des crucifix sont m\u00eame dispos\u00e9s sur les murs.<\/p>\n<p>Mais preuve que rien n\u2019est fig\u00e9 dans le temps, le parti conservateur CSU (Union chr\u00e9tienne-sociale) qui a dirig\u00e9 la Bavi\u00e8re seul pendant plus de dix l\u00e9gislatures cons\u00e9cutives, \u00e0 finalement perdu sa majorit\u00e9 absolue lors des derni\u00e8res \u00e9lections de 2008. Ce n\u2019\u00e9tait plus arriv\u00e9 depuis 1962. Rapidement la CSU et les lib\u00e9raux se sont alli\u00e9s afin que les conservateurs restent au pouvoir, mais il semblerait que les choses soient amen\u00e9es \u00e0 \u00e9voluer dans les ann\u00e9es \u00e0 venir.<\/p>\n<p>L\u2019apr\u00e8s-midi est tr\u00e8s calme. Nous n\u2019aurons pas vu le soleil de la journ\u00e9e, et le ciel gris a l\u2019air bien d\u00e9cid\u00e9 \u00e0 ne pas \u00e9voluer. Cela dit, tant qu\u2019il n\u2019y a ni pluie ni vent cela nous convient.<br \/>\nParfois notre route s\u2019enfonce dans des for\u00eats aussi compactes que soudaines. La journ\u00e9e aura \u00e9t\u00e9 tr\u00e8s rurale et ce n\u2019est que vers le 60<sup>\u00e8me<\/sup> kilom\u00e8tre que nous retrouvons la nationale 300. Nous passons au-dessus puis la longeons pendant deux kilom\u00e8tres pour finalement repartir en pleine cambrousse. C\u2019est \u00e0 ce moment-l\u00e0 que nous f\u00eatons le passage des 600 marathons. En 118 jours, 4 heures et 12 minutes.<\/p>\n<p>Sur les derniers kilom\u00e8tres tout le monde est bien fatigu\u00e9 comme il faut. Serge traine un peu des pieds. Au loin, comme un mirage dans cet oasis de ruralit\u00e9, appara\u00eet un camping car. On y aura cru l\u2019espace de quelques secondes, mais le v\u00e9hicule passe devant nous sans s\u2019arr\u00eater. Non, ce n\u2019\u00e9tait pas nos pigeons voyageurs. A demain\u00a0!<\/p>\n<p>Donn\u00e9es de la montre Epix: <a href=\"https:\/\/connect.garmin.com\/modern\/activity\/embed\/1637462695\" target=\"_blank\">Garmin Connect<\/a><\/p>\n<p><iframe loading=\"lazy\" width=\"560\" height=\"315\" src=\"https:\/\/www.youtube.com\/embed\/iQqPnHBtpEA\" frameborder=\"0\" allowfullscreen=\"allowfullscreen\"><\/iframe><\/p>\n","protected":false},"excerpt":{"rendered":"<p>70,01km &#8211; 10h23&prime; Aujourd\u2019hui il reste officiellement moins de 1000 kilom\u00e8tres \u00e0 parcourir sur ce tour du monde. Et oui, \u00e0 d\u00e9faut de me r\u00e9p\u00e9ter, la fin est proche\u00a0! Et puisque nous sommes dans les chiffres, sachez que c\u2019est aussi en cette 419\u00e8me \u00e9tape que Serge va passer la barre des 600 marathons. Mais nous [&hellip;]<\/p>\n","protected":false},"author":1,"featured_media":15754,"comment_status":"closed","ping_status":"closed","sticky":false,"template":"","format":"standard","meta":{"_et_pb_use_builder":"","_et_pb_old_content":"","_et_gb_content_width":"","ngg_post_thumbnail":0,"footnotes":""},"categories":[9],"tags":[],"class_list":["post-15720","post","type-post","status-publish","format-standard","has-post-thumbnail","hentry","category-news"],"_links":{"self":[{"href":"https:\/\/sergegirard.fr\/fr\/wp-json\/wp\/v2\/posts\/15720","targetHints":{"allow":["GET"]}}],"collection":[{"href":"https:\/\/sergegirard.fr\/fr\/wp-json\/wp\/v2\/posts"}],"about":[{"href":"https:\/\/sergegirard.fr\/fr\/wp-json\/wp\/v2\/types\/post"}],"author":[{"embeddable":true,"href":"https:\/\/sergegirard.fr\/fr\/wp-json\/wp\/v2\/users\/1"}],"replies":[{"embeddable":true,"href":"https:\/\/sergegirard.fr\/fr\/wp-json\/wp\/v2\/comments?post=15720"}],"version-history":[{"count":2,"href":"https:\/\/sergegirard.fr\/fr\/wp-json\/wp\/v2\/posts\/15720\/revisions"}],"predecessor-version":[{"id":15755,"href":"https:\/\/sergegirard.fr\/fr\/wp-json\/wp\/v2\/posts\/15720\/revisions\/15755"}],"wp:featuredmedia":[{"embeddable":true,"href":"https:\/\/sergegirard.fr\/fr\/wp-json\/wp\/v2\/media\/15754"}],"wp:attachment":[{"href":"https:\/\/sergegirard.fr\/fr\/wp-json\/wp\/v2\/media?parent=15720"}],"wp:term":[{"taxonomy":"category","embeddable":true,"href":"https:\/\/sergegirard.fr\/fr\/wp-json\/wp\/v2\/categories?post=15720"},{"taxonomy":"post_tag","embeddable":true,"href":"https:\/\/sergegirard.fr\/fr\/wp-json\/wp\/v2\/tags?post=15720"}],"curies":[{"name":"wp","href":"https:\/\/api.w.org\/{rel}","templated":true}]}}