{"id":15641,"date":"2017-03-22T17:51:07","date_gmt":"2017-03-22T16:51:07","guid":{"rendered":"http:\/\/sergegirard.fr\/fr\/?p=15641"},"modified":"2017-03-22T19:46:03","modified_gmt":"2017-03-22T18:46:03","slug":"etape-417-sankt-florian-am-inn-landau-an-der-isa","status":"publish","type":"post","link":"https:\/\/sergegirard.fr\/fr\/2017\/03\/22\/etape-417-sankt-florian-am-inn-landau-an-der-isa\/","title":{"rendered":"E417: Mercredi 22 Mars \/\/ Sankt Florian Am Inn &#8211; Landau An Der Isa"},"content":{"rendered":"<p style=\"text-align: justify;\">70,30km &#8211; 10h24&prime;<\/p>\n<p>L\u2019\u00e9tape d\u00e9marre sur des chapeaux de roue. Il est 6h et Serge part de l\u2019h\u00f4tel. Apr\u00e8s seulement un kilom\u00e8tre de course il passe une grande porte avec des volets rouges et blancs aux couleurs de l\u2019Autriche, et d\u00e9bouche sur la superbe place de <em>Sch\u00e4rding<\/em>. L\u2019endroit est tr\u00e8s joli, et nos \u00e2mes de photographes sont un peu cueillies \u00e0 froid. On aiguille notre coureur \u2013car la route n\u2019est pas si simple que \u00e7a- tout en mitraillant le plus possible de b\u00e2timents. Les quelques gens debout \u00e0 cette heure-l\u00e0 ont surement du nous prendre pour des fous qui ont d\u00e9cid\u00e9 de visiter et photographier tout ce qu\u2019ils pouvaient sans s\u2019accorder une seule seconde de r\u00e9pits\u2026<br \/>\nUne centaine de m\u00e8tres plus loin vient le passage du pont. Ce fameux pont qui relie l\u2019Autriche et l\u2019Allemagne. Pas de contr\u00f4le, juste un p\u00eacheur qui nous regarde d\u2019un \u0153il interrogatif. De l\u2019autre c\u00f4t\u00e9 une grande b\u00e2tisse, cette fois-ci aux volets bleus et blancs: nous voil\u00e0 en Bavi\u00e8re.<\/p>\n<p style=\"text-align: justify;\">La Bavi\u00e8re donc, qui se dit <em>Bayern<\/em> en allemand (<em>Bayern de Munich<\/em>\u2026 tout s\u2019explique\u2026), est l\u2019un des seize et surtout le plus grand <em>l\u00e4nder<\/em> du pays (\u00e9quivalents de nos r\u00e9gions). Sa capitale est <em>Munich<\/em> et son drapeau de couleurs bleues et blanches. Comme les volets du b\u00e2timent aper\u00e7u pr\u00e9c\u00e9demment. Et comme les carreaux sur le logo de la marque <em>BMW<\/em>. Car la Bavi\u00e8re est la r\u00e9gion d\u2019origine de beaucoup de multinationales allemandes \u00e0 succ\u00e8s\u00a0: <em>BMW<\/em>, <em>MAN<\/em>, <em>Adidas<\/em>, <em>Puma<\/em> ou m\u00eame <em>Allianz<\/em>. C\u2019est donc dans une des r\u00e9gions les plus riches d\u2019Allemagne, et o\u00f9 le taux de ch\u00f4mage est le plus bas (3,6% contre 6,9% pour l\u2019ensemble du pays) que nous entrons ce matin.<\/p>\n<p style=\"text-align: justify;\">La campagne bavaroise semble prosp\u00e8re, m\u00eame sous un temps aussi maussade. Pourtant Ludo-stradamus s\u2019\u00e9tait lanc\u00e9 dans un pronostic un peu os\u00e9 hier en annon\u00e7ant qu\u2019il allait faire beau jusqu\u2019\u00e0 l\u2019arriv\u00e9e. On peut dire que c\u2019est officiellement rat\u00e9.<br \/>\nLa tranquillit\u00e9 des routes de campagnes que nous esp\u00e9rions tant n\u2019est pas au rendez-vous. Peut-\u00eatre que notre proximit\u00e9 avec la fronti\u00e8re est encore trop importante, mais ce matin il y a beaucoup de trafic. Des camions et des cars, tous autoris\u00e9s \u00e0 rouler \u00e0 100km\/h sur ces toutes petites routes de campagne. Pas facile de courir \u00e0 c\u00f4t\u00e9.<br \/>\nNous sommes impressionn\u00e9s par le nombre de panneaux solaires et volta\u00efques sur les toits. M\u00eame si aujourd\u2019hui ils ne servent pas \u00e0 grand chose. Mais attention, je ne parle pas d\u2019un ou deux panneaux par maison, mais de toitures enti\u00e8rement recouvertes\u00a0! Assur\u00e9ment l\u2019Allemagne est un pays qui se donne les moyens d\u2019\u00eatre \u00e9colo. N\u00e9anmoins j\u2019essaie de relativiser en me disant que le niveau de vie en Bavi\u00e8re peut permettre de telles installations, mais Serge m\u2019assure que c\u2019\u00e9tait la m\u00eame chose dans le nord lors de son passage en 2010. Alors qu\u2019il y a moins de soleil et d\u2019argent l\u00e0-bas.<\/p>\n<p style=\"text-align: justify;\">La Bavi\u00e8re est fid\u00e8le \u00e0 sa r\u00e9putation. Les maisons sont impressionnantes de grandeur et de propret\u00e9. Les granges superbes, spacieuses et toutes refaites \u00e0 neuf. On sent clairement une r\u00e9gion luxueuse, o\u00f9 tout le monde gagne bien sa vie.<\/p>\n<p style=\"text-align: justify;\">L\u2019apr\u00e8s-midi est bien plus tranquille que la matin\u00e9e. La pluie a cess\u00e9 et le trafic diminu\u00e9. Une premi\u00e8re journ\u00e9e allemande assez tranquille, alternant les passages en rase campagne et ceux en for\u00eats. Serge r\u00e9sumera l\u2019\u00e9tape comme \u00ab\u00a0une journ\u00e9e sans vent\u00a0\u00bb. C\u2019est bien vrai.<\/p>\n<p style=\"text-align: justify;\">Aujourd\u2019hui encore, notre coureur a pouss\u00e9 la machine jusqu\u2019au 70<sup>\u00e8me<\/sup> kilom\u00e8tres. Et il m\u2019a assur\u00e9 qu\u2019il en serait de m\u00eame jusqu\u2019en France, histoire d\u2019assurer ses arri\u00e8res. Ce soir nous dinons pour la troisi\u00e8me et derni\u00e8re fois chez \u00ab\u00a0Adrienne\u00a0\u00bb, le camping-car des PV. Demain ils retournons en France, avant peut-\u00eatre de nous une derni\u00e8re visite\u2026<br \/>\nA demain.<\/p>\n<p>Donn\u00e9es de la montre Epix: <a href=\"https:\/\/connect.garmin.com\/modern\/activity\/embed\/1634293935\" target=\"_blank\">Garmin Connect<\/a><\/p>\n<p><iframe loading=\"lazy\" width=\"560\" height=\"315\" src=\"https:\/\/www.youtube.com\/embed\/qxeHNcD2ZzM\" frameborder=\"0\" allowfullscreen=\"allowfullscreen\"><\/iframe><\/p>\n","protected":false},"excerpt":{"rendered":"<p>70,30km &#8211; 10h24&prime; L\u2019\u00e9tape d\u00e9marre sur des chapeaux de roue. Il est 6h et Serge part de l\u2019h\u00f4tel. Apr\u00e8s seulement un kilom\u00e8tre de course il passe une grande porte avec des volets rouges et blancs aux couleurs de l\u2019Autriche, et d\u00e9bouche sur la superbe place de Sch\u00e4rding. L\u2019endroit est tr\u00e8s joli, et nos \u00e2mes de [&hellip;]<\/p>\n","protected":false},"author":1,"featured_media":15686,"comment_status":"closed","ping_status":"closed","sticky":false,"template":"","format":"standard","meta":{"_et_pb_use_builder":"","_et_pb_old_content":"","_et_gb_content_width":"","ngg_post_thumbnail":0,"footnotes":""},"categories":[9],"tags":[],"class_list":["post-15641","post","type-post","status-publish","format-standard","has-post-thumbnail","hentry","category-news"],"_links":{"self":[{"href":"https:\/\/sergegirard.fr\/fr\/wp-json\/wp\/v2\/posts\/15641","targetHints":{"allow":["GET"]}}],"collection":[{"href":"https:\/\/sergegirard.fr\/fr\/wp-json\/wp\/v2\/posts"}],"about":[{"href":"https:\/\/sergegirard.fr\/fr\/wp-json\/wp\/v2\/types\/post"}],"author":[{"embeddable":true,"href":"https:\/\/sergegirard.fr\/fr\/wp-json\/wp\/v2\/users\/1"}],"replies":[{"embeddable":true,"href":"https:\/\/sergegirard.fr\/fr\/wp-json\/wp\/v2\/comments?post=15641"}],"version-history":[{"count":2,"href":"https:\/\/sergegirard.fr\/fr\/wp-json\/wp\/v2\/posts\/15641\/revisions"}],"predecessor-version":[{"id":15643,"href":"https:\/\/sergegirard.fr\/fr\/wp-json\/wp\/v2\/posts\/15641\/revisions\/15643"}],"wp:featuredmedia":[{"embeddable":true,"href":"https:\/\/sergegirard.fr\/fr\/wp-json\/wp\/v2\/media\/15686"}],"wp:attachment":[{"href":"https:\/\/sergegirard.fr\/fr\/wp-json\/wp\/v2\/media?parent=15641"}],"wp:term":[{"taxonomy":"category","embeddable":true,"href":"https:\/\/sergegirard.fr\/fr\/wp-json\/wp\/v2\/categories?post=15641"},{"taxonomy":"post_tag","embeddable":true,"href":"https:\/\/sergegirard.fr\/fr\/wp-json\/wp\/v2\/tags?post=15641"}],"curies":[{"name":"wp","href":"https:\/\/api.w.org\/{rel}","templated":true}]}}