{"id":15572,"date":"2017-03-20T20:28:21","date_gmt":"2017-03-20T19:28:21","guid":{"rendered":"http:\/\/sergegirard.fr\/fr\/?p=15572"},"modified":"2017-03-20T21:12:12","modified_gmt":"2017-03-20T20:12:12","slug":"e415-lundi-20-mars-wurzeralm-sattledt","status":"publish","type":"post","link":"https:\/\/sergegirard.fr\/fr\/2017\/03\/20\/e415-lundi-20-mars-wurzeralm-sattledt\/","title":{"rendered":"E415: Lundi 20 Mars \/\/ Wurzeralm &#8211; Sattledt"},"content":{"rendered":"<p>70,48km &#8211; 10h28\u2019<\/p>\n<p style=\"text-align: justify;\">Le hasard fait bien les choses car c\u2019est aussi en Autriche que nous avaient rejoint les pigeons voyageurs Roger et Brigitte sur le tour d\u2019Europe 2010. Et Ludovic et moi-m\u00eame \u00e9tions d\u00e9j\u00e0 l\u00e0. C\u2019\u00e9tait il y a presque sept ans maintenant\u2026<br \/>\nC\u2019est toujours un plaisir d\u2019avoir les PV parmi nous. J\u2019aime \u00e0 les appeler les \u00ab\u00a0suiveurs de suiveurs\u00a0\u00bb. Ils font office d\u2019\u00e9lectron libre, gravitant autour de Serge et du 4&#215;4. Ils sont toujours pr\u00eats \u00e0 aller chercher quelque chose si le temps nous manque, et le midi nous sommes toujours invit\u00e9s \u00e0 venir manger dans le camping-car. Pour y d\u00e9guster les meilleurs croque-monsieur de l\u2019histoire du croque-monsieur.<br \/>\nVous l\u2019aurez compris, au-del\u00e0 du plaisir de les avoir avec nous, Brigitte et Roger nous facilitent la tache.<\/p>\n<p style=\"text-align: justify;\">Ce matin nous reprenons notre route en haut du col. Au travers d\u2019une descente assez abrupte, nous perdons 300 m\u00e8tres d\u2019altitude avant m\u00eame le premier ravitaillement. La chauss\u00e9e est compl\u00e8tement d\u00e9tremp\u00e9e, alors Serge laisse aller ses foul\u00e9es afin d\u2019\u00e9viter la chute.<br \/>\nComme hier la m\u00e9t\u00e9o n\u2019est pas \u00e0 son avantage en ce d\u00e9but de journ\u00e9e. Mais comme hier, les choses vont s\u2019am\u00e9liorer au fur et \u00e0 mesure de la matin\u00e9e. Nous passons dans le village de\u00a0<em>Spital Am Pyhrn<\/em> (\u00e7a ne s\u2019invente pas) o\u00f9 nous avons dormi la veille. L\u2019occasion d\u2019admirer une derni\u00e8re fois cette superbe \u00e9glise qui tr\u00f4ne au milieu de la place principale.<\/p>\n<p style=\"text-align: justify;\">Nous continuons notre route plein nord sur la 138. Nous ne la quitterons pas de la journ\u00e9e.<br \/>\nPuis nous nous retrouvons \u00e0 longer le <em>Teichl<\/em>, un fleuve dont les reflets de l\u2019eau offrent de tr\u00e8s jolies teintes vertes. Il continue de crachiner et des ruisseaux de tailles diverses se forment le long la route. Les reliefs sont encore nombreux autour de nous, et nous profitons de cette derni\u00e8re vraie journ\u00e9e de montagne sur le <em>Run Around the Planet<\/em>.<\/p>\n<p style=\"text-align: justify;\">Comme pr\u00e9vu les PV nous rejoignent en milieu de matin\u00e9e. Tout le monde constate avec app\u00e9tit que Brigitte n\u2019a pas perdu la main en ce qui concerne la confection des croque monsieur\u2026<\/p>\n<p style=\"text-align: justify;\"><em>Klaus An Der<\/em> et son \u00e9norme barrage nous attendent au 35<sup>\u00e8me<\/sup> kilom\u00e8tre. L\u2019installation est impressionnante tant l\u2019eau retenue est cons\u00e9quente. En contrebas, un \u00e9norme jet d\u2019eau puissant et continu s\u2019\u00e9chappe du b\u00e9ton. D\u2019ailleurs en parlant d\u2019eau, sachez que les plus grandes cascades d\u2019Europe se trouvent en Autriche. Appel\u00e9es les \u00ab\u00a0<em>chutes de Krimml\u00a0<\/em>\u00bb elles mesurent 380 m\u00e8tres de hauteur\u00a0!<\/p>\n<p style=\"text-align: justify;\">L\u2019\u00e9tape suit son cours et les montagnes commencent \u00e0 s\u2019estomper, formant de nombreuses bosses qui s\u2019agglutinent les unes \u00e0 c\u00f4t\u00e9 des autres. Comme la houle d\u2019une mer qui commencerait \u00e0 se calmer. Le soleil en profite pour revenir.<br \/>\nDeux th\u00e9ories s\u2019offrent alors \u00e0 nous\u00a0: soit les montagnes retenaient les nuages, et \u00e9taient la cause de ce mauvais temps&#8230; soit Fabienne et Patrick avaient vraiment amen\u00e9 la mal\u00e9diction normande avec eux\u2026<\/p>\n<p style=\"text-align: justify;\">Contrairement \u00e0 tous les pays travers\u00e9s depuis la Turquie, l\u2019Autriche ne placarde pas son drapeau \u00e0 tous les coins de rue. Et pourtant il existe une l\u00e9gende sur l\u2019origine de celui-ci. En 1191, le duc autrichien L\u00e9opold V retira sa ceinture apr\u00e8s une f\u00e9roce bataille. Alors qu\u2019il \u00e9tait enti\u00e8rement couvert de sang, ce geste laissa appara\u00eetre une trace horizontale et immacul\u00e9e sur ses v\u00eatements, et donna ainsi l\u2019id\u00e9e au duc d\u2019un drapeau avec trois bandes horizontales. Une blanche au milieu et deux rouges en haut et en bas. J\u2019aurais aim\u00e9 agr\u00e9menter cette histoire d\u2019une photo du fameux drapeau, mais j\u2019ai l\u2019impression qu\u2019il est encore plus dur \u00e0 trouver que les bandes rouges et blanches de Charlie.<\/p>\n<p style=\"text-align: justify;\">Serge cavale comme si Patrick courrait toujours \u00e0 ses c\u00f4t\u00e9s. Ou alors c\u2019est le croque monsieur qui fait toujours effet. Mais nous ne sommes pas dupes, il est assur\u00e9ment en train de faire tous ses petits calculs dans sa t\u00eate, et s\u2019il recommence \u00e0 pousser la machine \u00e0 70 kilom\u00e8tres par jour c\u2019est pour une raison bien pr\u00e9cise\u2026<br \/>\nCoup de chance pour lui, ce soir l\u2019h\u00f4tel se trouve \u00e0 tr\u00e8s exactement 70 kilom\u00e8tres du d\u00e9but d\u2019\u00e9tape. L\u2019excuse parfaite pour finir juste devant. On ne s\u2019en plains pas, demain nous gagnerons quelques minutes de sommeil en plus.<br \/>\nSerge arrive donc apr\u00e8s 10h28&prime; de course. Et boucle ainsi plus de 25 000 kilom\u00e8tres de course en 413 jours, 23 heures et 27 minutes. La fin est proche !\u00a0Bravo \u00e0 lui, et \u00e0 demain.<\/p>\n<p>Donn\u00e9es de la montre Epix: <a href=\"https:\/\/connect.garmin.com\/modern\/activity\/embed\/1630838161\" target=\"_blank\">Garmin Connect<\/a><\/p>\n<p><iframe loading=\"lazy\" width=\"560\" height=\"315\" src=\"https:\/\/www.youtube.com\/embed\/fTDICtcJhF4\" frameborder=\"0\" allowfullscreen=\"allowfullscreen\"><\/iframe><\/p>\n","protected":false},"excerpt":{"rendered":"<p>70,48km &#8211; 10h28\u2019 Le hasard fait bien les choses car c\u2019est aussi en Autriche que nous avaient rejoint les pigeons voyageurs Roger et Brigitte sur le tour d\u2019Europe 2010. Et Ludovic et moi-m\u00eame \u00e9tions d\u00e9j\u00e0 l\u00e0. C\u2019\u00e9tait il y a presque sept ans maintenant\u2026 C\u2019est toujours un plaisir d\u2019avoir les PV parmi nous. J\u2019aime \u00e0 [&hellip;]<\/p>\n","protected":false},"author":1,"featured_media":15610,"comment_status":"closed","ping_status":"closed","sticky":false,"template":"","format":"standard","meta":{"_et_pb_use_builder":"","_et_pb_old_content":"","_et_gb_content_width":"","ngg_post_thumbnail":0,"footnotes":""},"categories":[9],"tags":[],"class_list":["post-15572","post","type-post","status-publish","format-standard","has-post-thumbnail","hentry","category-news"],"_links":{"self":[{"href":"https:\/\/sergegirard.fr\/fr\/wp-json\/wp\/v2\/posts\/15572","targetHints":{"allow":["GET"]}}],"collection":[{"href":"https:\/\/sergegirard.fr\/fr\/wp-json\/wp\/v2\/posts"}],"about":[{"href":"https:\/\/sergegirard.fr\/fr\/wp-json\/wp\/v2\/types\/post"}],"author":[{"embeddable":true,"href":"https:\/\/sergegirard.fr\/fr\/wp-json\/wp\/v2\/users\/1"}],"replies":[{"embeddable":true,"href":"https:\/\/sergegirard.fr\/fr\/wp-json\/wp\/v2\/comments?post=15572"}],"version-history":[{"count":3,"href":"https:\/\/sergegirard.fr\/fr\/wp-json\/wp\/v2\/posts\/15572\/revisions"}],"predecessor-version":[{"id":15612,"href":"https:\/\/sergegirard.fr\/fr\/wp-json\/wp\/v2\/posts\/15572\/revisions\/15612"}],"wp:featuredmedia":[{"embeddable":true,"href":"https:\/\/sergegirard.fr\/fr\/wp-json\/wp\/v2\/media\/15610"}],"wp:attachment":[{"href":"https:\/\/sergegirard.fr\/fr\/wp-json\/wp\/v2\/media?parent=15572"}],"wp:term":[{"taxonomy":"category","embeddable":true,"href":"https:\/\/sergegirard.fr\/fr\/wp-json\/wp\/v2\/categories?post=15572"},{"taxonomy":"post_tag","embeddable":true,"href":"https:\/\/sergegirard.fr\/fr\/wp-json\/wp\/v2\/tags?post=15572"}],"curies":[{"name":"wp","href":"https:\/\/api.w.org\/{rel}","templated":true}]}}