{"id":15532,"date":"2017-03-19T20:13:30","date_gmt":"2017-03-19T19:13:30","guid":{"rendered":"http:\/\/sergegirard.fr\/fr\/?p=15532"},"modified":"2017-03-19T20:17:57","modified_gmt":"2017-03-19T19:17:57","slug":"e414-dimanche-19-mars-kammern-wurzeralm","status":"publish","type":"post","link":"https:\/\/sergegirard.fr\/fr\/2017\/03\/19\/e414-dimanche-19-mars-kammern-wurzeralm\/","title":{"rendered":"E414: Dimanche 19 Mars \/\/ Kammern &#8211; Wurzeralm"},"content":{"rendered":"<p>67,73km &#8211; 9h55\u2019<\/p>\n<p style=\"text-align: justify;\"><em>Gruss G\u00f6tt\u00a0!<\/em><\/p>\n<p style=\"text-align: justify;\">Si vous avez envie de fayotter avec les autrichiens, il est pr\u00e9f\u00e9rable d\u2019utiliser cette formule plut\u00f4t que le traditionnel \u00ab\u00a0<em>Guten Tag\u00a0!<\/em>\u00a0\u00bb. En effet, m\u00eame si la langue officielle reste l\u2019Allemand <em>Hochdeutsch<\/em> (celui enseign\u00e9 en classe), les Autrichiens appr\u00e9cieront l\u2019effort.<\/p>\n<p style=\"text-align: justify;\">Ce matin pas de neige au r\u00e9veil. Par contre il pleut abondamment. On d\u00e9pose nos deux coureurs devant l\u2019\u00e9glise de <em>Kammern<\/em> et la course peut reprendre ses droits. Les premiers kilom\u00e8tres ne sont pas tr\u00e8s plaisants. Un vent froid vient cueillir de face Serge et Patrick, et fait pratiquement tomber la pluie \u00e0 l\u2019horizontal. A ce niveau-l\u00e0, autant essayer de faire l\u2019\u00e9tape en <em>moonwalk<\/em>. C\u2019est donc typiquement le genre de journ\u00e9e o\u00f9, bien au chaud dans la voiture, la lecture des bouquins avance plus vite que d\u2019habitude.<\/p>\n<p style=\"text-align: justify;\">Aujourd\u2019hui pas de difficult\u00e9 au niveau de l\u2019itin\u00e9raire, et par cons\u00e9quent aucun risque de s\u2019enfiler sur la mauvaise route. Nous suivons la 113 sur pratiquement la totalit\u00e9 de l\u2019\u00e9tape, avant de finalement bifurquer plein nord sur la 138. La route est d\u00e9serte, jour dominical du seigneur oblige. Les montagnes qui nous entourent n\u2019arrivent pas \u00e0 se d\u00e9barrasser de la brume qui stagne entre les conif\u00e8res verts et marrons.<br \/>\nEn fin de compte nous sommes plus \u00e0 l\u2019est que je ne l\u2019aurais imagin\u00e9. Ici les Alpes sont d\u00e9j\u00e0 sur leur fin. Il existe bien quelques sommets \u00e0 2000 m\u00e8tres que nous devinons \u00e0 travers le brouillard, mais pour le moment la topographie est assez cl\u00e9mente avec nous. En m\u00eame temps nous longeons l\u2019autoroute dans le creux de la vall\u00e9e et par cons\u00e9quent nous sommes \u00e9pargn\u00e9s des \u00e9ventuels cols. Evidemment ce n\u2019est pas la rase campagne, mais c\u2019est bien moins compliqu\u00e9 que ce \u00e0 quoi je m\u2019attendais.<br \/>\nOn aper\u00e7oit quelques tires fesses depuis le bord de la route. Il semblerait que les chutes de neiges soient monnaie courante ici. En attestent les tremplins de saut \u00e0 ski et les poteaux \u00ab\u00a0indicateurs de la hauteur de neige tomb\u00e9e\u00a0\u00bb sur le bord des routes.<\/p>\n<p style=\"text-align: justify;\">Le vent fini par balayer les nuages bloqu\u00e9s dans la vall\u00e9e. Le soleil perce et la fin de matin\u00e9e est \u00e0 la surprise g\u00e9n\u00e9rale plut\u00f4t agr\u00e9able.\u00a0 Il crachine encore l\u00e9g\u00e8rement mais au regard de ce matin c\u2019\u00e9tait plut\u00f4t inesp\u00e9r\u00e9.<\/p>\n<p style=\"text-align: justify;\">Cet apr\u00e8s-midi notre chass\u00e9-crois\u00e9 avec l\u2019autoroute continue. Et c\u2019est \u00e0 ce moment pr\u00e9cis que les pigeons voyageurs\u00a0d\u00e9cident de pointer le bout de leur bec. Enfin\u00a0! Nous les attendions depuis plusieurs jours maintenant, sans vraiment savoir quand est-ce qu\u2019ils allaient arriver. Et bien c\u2019est chose faite en ce dimanche 19 mars. Accompagn\u00e9s de leur fid\u00e8le camping-car \u00ab\u00a0Adrienne\u00a0\u00bb, voil\u00e0 qu\u2019ils vont nous donner un coup de main pour les jours \u00e0 venir.<br \/>\nNous nous retrouvons donc avec une armada compos\u00e9e du 4&#215;4 et des deux camping-cars. Il ne manquerait plus qu\u2019on lance du Cochonou par les fen\u00eatres pour que les gens nous prennent pour la caravane du Tour de France\u2026<\/p>\n<p style=\"text-align: justify;\">Au 57<sup>\u00e8me<\/sup> kilom\u00e8tres nous atteignons <em>Liezen<\/em>. Perch\u00e9e \u00e0 664 m\u00e8tres d\u2019altitude c\u2019est dans cette ville que nous op\u00e9rons notre seule bifurcation de la journ\u00e9e. Un coup \u00e0 gauche, puis \u00e0 droite, et nous voil\u00e0 sur la 138. Encore une fois nos deux coureurs, compte-tenu de leur avance, d\u00e9cident de faire du rab. Ce qui les am\u00e8ne \u00e0 monter tout en haut d\u2019un col culminant \u00e0 929m. C\u2019est l\u00e0 que notre \u00e9tape du jour se termine, au beau milieu de la neige et des sapins. Et c\u2019est aussi l\u00e0 que nous disons au revoir \u00e0 Patrick et Fabienne qui nous quittent pour retourner en France. On leur souhaite une bonne route, et on les remercie d\u2019\u00eatre pass\u00e9s nous voir.<\/p>\n<p style=\"text-align: justify;\">A demain.<\/p>\n<p>Donn\u00e9es de la montre Epix: <a href=\"https:\/\/connect.garmin.com\/modern\/activity\/embed\/1629080437\" target=\"_blank\">Garmin Connect<\/a><\/p>\n<p><iframe loading=\"lazy\" width=\"560\" height=\"315\" src=\"https:\/\/www.youtube.com\/embed\/w1QLxt0wEzc\" frameborder=\"0\" allowfullscreen=\"allowfullscreen\"><\/iframe><\/p>\n","protected":false},"excerpt":{"rendered":"<p>67,73km &#8211; 9h55\u2019 Gruss G\u00f6tt\u00a0! Si vous avez envie de fayotter avec les autrichiens, il est pr\u00e9f\u00e9rable d\u2019utiliser cette formule plut\u00f4t que le traditionnel \u00ab\u00a0Guten Tag\u00a0!\u00a0\u00bb. En effet, m\u00eame si la langue officielle reste l\u2019Allemand Hochdeutsch (celui enseign\u00e9 en classe), les Autrichiens appr\u00e9cieront l\u2019effort. Ce matin pas de neige au r\u00e9veil. Par contre il pleut [&hellip;]<\/p>\n","protected":false},"author":1,"featured_media":15570,"comment_status":"closed","ping_status":"closed","sticky":false,"template":"","format":"standard","meta":{"_et_pb_use_builder":"","_et_pb_old_content":"","_et_gb_content_width":"","ngg_post_thumbnail":0,"footnotes":""},"categories":[9],"tags":[],"class_list":["post-15532","post","type-post","status-publish","format-standard","has-post-thumbnail","hentry","category-news"],"_links":{"self":[{"href":"https:\/\/sergegirard.fr\/fr\/wp-json\/wp\/v2\/posts\/15532","targetHints":{"allow":["GET"]}}],"collection":[{"href":"https:\/\/sergegirard.fr\/fr\/wp-json\/wp\/v2\/posts"}],"about":[{"href":"https:\/\/sergegirard.fr\/fr\/wp-json\/wp\/v2\/types\/post"}],"author":[{"embeddable":true,"href":"https:\/\/sergegirard.fr\/fr\/wp-json\/wp\/v2\/users\/1"}],"replies":[{"embeddable":true,"href":"https:\/\/sergegirard.fr\/fr\/wp-json\/wp\/v2\/comments?post=15532"}],"version-history":[{"count":3,"href":"https:\/\/sergegirard.fr\/fr\/wp-json\/wp\/v2\/posts\/15532\/revisions"}],"predecessor-version":[{"id":15535,"href":"https:\/\/sergegirard.fr\/fr\/wp-json\/wp\/v2\/posts\/15532\/revisions\/15535"}],"wp:featuredmedia":[{"embeddable":true,"href":"https:\/\/sergegirard.fr\/fr\/wp-json\/wp\/v2\/media\/15570"}],"wp:attachment":[{"href":"https:\/\/sergegirard.fr\/fr\/wp-json\/wp\/v2\/media?parent=15532"}],"wp:term":[{"taxonomy":"category","embeddable":true,"href":"https:\/\/sergegirard.fr\/fr\/wp-json\/wp\/v2\/categories?post=15532"},{"taxonomy":"post_tag","embeddable":true,"href":"https:\/\/sergegirard.fr\/fr\/wp-json\/wp\/v2\/tags?post=15532"}],"curies":[{"name":"wp","href":"https:\/\/api.w.org\/{rel}","templated":true}]}}