{"id":15395,"date":"2017-03-16T19:53:08","date_gmt":"2017-03-16T18:53:08","guid":{"rendered":"http:\/\/sergegirard.fr\/fr\/?p=15395"},"modified":"2017-03-16T20:03:14","modified_gmt":"2017-03-16T19:03:14","slug":"e411-jeudi-16-mars-zavrc-ehrenhausen","status":"publish","type":"post","link":"https:\/\/sergegirard.fr\/fr\/2017\/03\/16\/e411-jeudi-16-mars-zavrc-ehrenhausen\/","title":{"rendered":"E411: Jeudi 16 Mars \/\/ Zavrc &#8211; Ehrenhausen (Autriche)"},"content":{"rendered":"<p>67,35km \u2013 10h16\u2019<\/p>\n<p style=\"text-align: justify;\">Ce matin un petit grattage de pare-brise s\u2019impose. La nuit a \u00e9t\u00e9 fraiche et surtout plus humide que les pr\u00e9c\u00e9dentes. Le temps de revenir \u00e0 <em>Zavrc<\/em>, premi\u00e8re ville apr\u00e8s le poste fronti\u00e8re, et Serge reprend ses foul\u00e9es. La limite entre la Croatie et la Slov\u00e9nie est visuellement tr\u00e8s marqu\u00e9e. Une fois du c\u00f4t\u00e9 slov\u00e8ne on se retrouve tout de suite au beau milieu de for\u00eats. Ce matin le ch\u00e2teau de\u00a0<em>Borl <\/em>se d\u00e9voile \u00e0 nous dans la brume et les premi\u00e8res lumi\u00e8res du jour.<\/p>\n<p style=\"text-align: justify;\">Les cinq premiers kilom\u00e8tres ne sont pas \u00e9vidents \u00e0 courir car constitu\u00e9s d\u2019une succession de virages d\u00e9pourvus de bas-c\u00f4t\u00e9s. Je pense qu\u2019\u00e0 notre retour, nous allons pouvoir sortir un guide que l\u2019on appellera \u00ab\u00a0les bas-c\u00f4t\u00e9s \u00e0 travers le monde, leurs origines et leurs significations \u00bb.<br \/>\nEn attendant, ce matin les nombreux camions rendent la route dangereuse, et couper \u00e0 travers bois n\u2019est semble-t-il pas une bonne id\u00e9e\u00a0: il existerait encore des ours dans les for\u00eats slov\u00e8nes\u2026<\/p>\n<p style=\"text-align: justify;\">Le soleil se l\u00e8ve et nous retrouvons le plat pays. Ainsi que les bas-c\u00f4t\u00e9s.<br \/>\nSi la Croatie fait partie de l\u2019Union Europ\u00e9enne, ce n\u2019est qu\u2019hier que nous sommes enfin revenus dans la zone euro. Cela faisait plus d\u2019un an que Serge n\u2019y avait pas mis les pieds\u00a0! Il faut avouer qu\u2019en ce qui concerne les conversions et les retraits d\u2019argent, c\u2019est bien plus pratique. Et \u00e9conomique. Reste qu\u2019avec ce changement de devise, les prix ont augment\u00e9. Et encore, ce soir nous serons en Autriche alors l\u2019addition risque d\u2019\u00eatre encore plus sal\u00e9e\u2026<\/p>\n<p style=\"text-align: justify;\">Car oui, nous n\u2019allons passer qu\u2019une seule journ\u00e9e en Slov\u00e9nie\u00a0! Encore une fois d\u00e9sol\u00e9 si Serge avance trop vite, mais il est surement press\u00e9 de retrouver les siens. Je n\u2019ai donc qu\u2019un seul compte-rendu pour vous faire part de mes impressions et recherches sur le pays. Alors pas de temps \u00e0 perdre\u00a0!<br \/>\nSi le co\u00fbt de la vie en Slov\u00e9nie est plus cher que celui de ses voisins slaves, c\u2019est assur\u00e9ment que le niveau de vie y est plus \u00e9lev\u00e9. De tous les pays issus de l\u2019ex-Yougoslavie c\u2019est celui qui a le mieux r\u00e9ussi sa transition \u00e9conomique. Son faible nombre d\u2019habitants (environ 2 millions), la petite taille de son territoire (20 000 km<sup>2<\/sup>) ainsi que sa proximit\u00e9 avec l\u2019Europe de l\u2019ouest et des pays ais\u00e9s, sont autant d\u2019arguments qui ont forc\u00e9ment pes\u00e9 dans la balance.<\/p>\n<p style=\"text-align: justify;\">Aujourd\u2019hui nous remontons donc la Slov\u00e9nie d\u2019une traite, \u00e0 travers la r\u00e9gion de la Basse-Styrie. Co\u00efncidence, il se trouve que lorsque Serge a travers\u00e9 ce pays en 2010 (dans le cadre du tour d\u2019Europe), Ludovic et moi-m\u00eame \u00e9tions d\u00e9j\u00e0 l\u00e0 en tant que suiveurs ! On n\u2019oublie pas Laure, Ren\u00e9 et Marc qui \u00e9taient eux aussi de la partie.<br \/>\nIl y a 7 ans nous avions travers\u00e9 la Slov\u00e9nie d\u2019est en ouest. Hier je me demandais \u00e0 quel moment nous croiserions notre ancien parcours. Apr\u00e8s v\u00e9rification sur l\u2019ancien site web, c\u2019est pr\u00e9cis\u00e9ment \u00e0 <em>Ptuj <\/em>que le <em>Run Around the Planet <\/em>et le <em>Tour D\u2019Europe <\/em>se rencontrent. Aucun de nous trois ne se souvient \u00eatre pass\u00e9 ici, et pourtant cette charmante petite ville de 23 000 habitants ne laisse pas indiff\u00e9rent. De superbes b\u00e2timents impossibles \u00e0 louper surplombent la ville et lui donner un charme ind\u00e9niable.<br \/>\nLes kilom\u00e8tres d\u00e9filent et nous avons l\u2019impression d\u2019avancer \u00e0 pas de g\u00e9ant. Il est 10h et nous sommes d\u00e9j\u00e0 \u00e0 la moiti\u00e9 de notre travers\u00e9e slov\u00e8ne. Vient alors notre deuxi\u00e8me ville du jour\u00a0: <em>Maribor<\/em>. La deuxi\u00e8me plus importante du pays de par sa taille et sa population. Impressionnante sur le papier, la travers\u00e9e du centre-ville se passe bien. On retrouve un style architecturale identique \u00e0 celui de <em>Ptuj<\/em>. Situ\u00e9e dans une r\u00e9gion connue pour ses cultures viticoles, <em>Maribor <\/em>abrite dans l\u2019un de ses quartiers la plus vieille vigne en vie au monde. Nomm\u00e9e <em>Stara trta<\/em>, cette derni\u00e8re a plus de 400 ans, et ne produit que 35 \u00e0 55kg de raisins par an. Qui doivent se vendre \u00e0 un prix d\u2019or.<\/p>\n<p style=\"text-align: justify;\">Nous sortons de la ville et subissons notre deuxi\u00e8me contr\u00f4le d\u2019identit\u00e9 de la journ\u00e9e. Un jeune vient nous voir dans la foul\u00e9e et nous explique que la police est un peu sur les dents ici. Et c\u2019est sur qu\u2019avec notre plaque d\u2019immatriculation fran\u00e7aise, on ne manque pas de susciter la curiosit\u00e9.<\/p>\n<p style=\"text-align: justify;\">De 2\u00b0C au d\u00e9part, la temp\u00e9rature n\u2019en fini plus de monter\u2026 11\u00b0C, 15\u00b0C, 21\u00b0C\u2026 la Slov\u00e9nie est en train de nous offrir notre plus bel apr\u00e8s-midi sur cette derni\u00e8re partie europ\u00e9enne. C\u2019est bien simple, on ravitaille en t-shirt. A mesure que la fronti\u00e8re autrichienne se rapproche le relief se veut de plus en plus vallonn\u00e9. Nous traversons de tr\u00e8s jolis petits villages o\u00f9 il fait bon vivre. Dernier obstacle\u00a0: une bonne mont\u00e9e de 19%, s\u2019\u00e9talant sur plusieurs kilom\u00e8tres. Une fois en haut, la vue est superbe. Et les vignobles s\u2019\u00e9tendent en effet \u00e0 perte de vue. Deux militaires nous attendent au col\u00a0: troisi\u00e8me contr\u00f4le d\u2019identit\u00e9 pour aujourd\u2019hui, et nous voil\u00e0 en Autriche\u00a0!<\/p>\n<p style=\"text-align: justify;\">Le temps pour Serge de courir encore quelques kilom\u00e8tres, et pour nous de s\u2019apercevoir que les prochains jours risquent d\u2019\u00eatre tr\u00e8s tr\u00e8s jolis. A demain.<\/p>\n<p>Donn\u00e9es de la montre Epix: <a href=\"https:\/\/connect.garmin.com\/modern\/activity\/embed\/1623905527\" target=\"_blank\">Garmin Connect<\/a><\/p>\n<p><iframe loading=\"lazy\" width=\"560\" height=\"315\" src=\"https:\/\/www.youtube.com\/embed\/AGWp6q9_xVQ\" frameborder=\"0\" allowfullscreen=\"allowfullscreen\"><\/iframe><\/p>\n","protected":false},"excerpt":{"rendered":"<p>67,35km \u2013 10h16\u2019 Ce matin un petit grattage de pare-brise s\u2019impose. La nuit a \u00e9t\u00e9 fraiche et surtout plus humide que les pr\u00e9c\u00e9dentes. Le temps de revenir \u00e0 Zavrc, premi\u00e8re ville apr\u00e8s le poste fronti\u00e8re, et Serge reprend ses foul\u00e9es. La limite entre la Croatie et la Slov\u00e9nie est visuellement tr\u00e8s marqu\u00e9e. Une fois du [&hellip;]<\/p>\n","protected":false},"author":1,"featured_media":15451,"comment_status":"closed","ping_status":"closed","sticky":false,"template":"","format":"standard","meta":{"_et_pb_use_builder":"","_et_pb_old_content":"","_et_gb_content_width":"","ngg_post_thumbnail":0,"footnotes":""},"categories":[9],"tags":[],"class_list":["post-15395","post","type-post","status-publish","format-standard","has-post-thumbnail","hentry","category-news"],"_links":{"self":[{"href":"https:\/\/sergegirard.fr\/fr\/wp-json\/wp\/v2\/posts\/15395","targetHints":{"allow":["GET"]}}],"collection":[{"href":"https:\/\/sergegirard.fr\/fr\/wp-json\/wp\/v2\/posts"}],"about":[{"href":"https:\/\/sergegirard.fr\/fr\/wp-json\/wp\/v2\/types\/post"}],"author":[{"embeddable":true,"href":"https:\/\/sergegirard.fr\/fr\/wp-json\/wp\/v2\/users\/1"}],"replies":[{"embeddable":true,"href":"https:\/\/sergegirard.fr\/fr\/wp-json\/wp\/v2\/comments?post=15395"}],"version-history":[{"count":2,"href":"https:\/\/sergegirard.fr\/fr\/wp-json\/wp\/v2\/posts\/15395\/revisions"}],"predecessor-version":[{"id":15452,"href":"https:\/\/sergegirard.fr\/fr\/wp-json\/wp\/v2\/posts\/15395\/revisions\/15452"}],"wp:featuredmedia":[{"embeddable":true,"href":"https:\/\/sergegirard.fr\/fr\/wp-json\/wp\/v2\/media\/15451"}],"wp:attachment":[{"href":"https:\/\/sergegirard.fr\/fr\/wp-json\/wp\/v2\/media?parent=15395"}],"wp:term":[{"taxonomy":"category","embeddable":true,"href":"https:\/\/sergegirard.fr\/fr\/wp-json\/wp\/v2\/categories?post=15395"},{"taxonomy":"post_tag","embeddable":true,"href":"https:\/\/sergegirard.fr\/fr\/wp-json\/wp\/v2\/tags?post=15395"}],"curies":[{"name":"wp","href":"https:\/\/api.w.org\/{rel}","templated":true}]}}