{"id":15365,"date":"2017-03-15T19:33:25","date_gmt":"2017-03-15T18:33:25","guid":{"rendered":"http:\/\/sergegirard.fr\/fr\/?p=15365"},"modified":"2017-03-15T19:52:53","modified_gmt":"2017-03-15T18:52:53","slug":"e410-mercredi-15-mars-koprivnica","status":"publish","type":"post","link":"https:\/\/sergegirard.fr\/fr\/2017\/03\/15\/e410-mercredi-15-mars-koprivnica\/","title":{"rendered":"E410: Mercredi 15 Mars \/\/ Koprivnica &#8211; Zavrc (Slov\u00e9nie)"},"content":{"rendered":"<p>67,34km &#8211; 10h14\u2019<\/p>\n<p style=\"text-align: justify;\">Les jours s\u2019enchainent et d\u00e9filent \u00e0 une vitesse folle. Nous sommes d\u00e9j\u00e0 \u00e0 la mi-mars et pourtant j\u2019ai l\u2019impression que nous \u00e9tions le 1<sup>er<\/sup> il y a seulement quelques jours. En m\u00eame temps avec un rythme comme le notre, difficile de s\u2019y retrouver sur le calendrier. L\u2019autre fois je vous parlais de cette vie d\u2019\u00e9quipe \u00ab\u00a0en autarcie, un peu coup\u00e9e du monde\u00a0\u00bb. Hier en \u00e9tait le parfait exemple. Nous avons din\u00e9 \u00e0 18h puis nous avons dormi dans une tout petite chambre avec trois lits. Certes nous \u00e9tions un peu les uns sur les autres, mais nous \u00e9tions surtout dans notre bulle. Ces instants d\u2019apr\u00e8s-course, m\u00eame s\u2019ils ne durent pas longtemps, sont toujours importants pour l\u2019\u00e9quipe et surtout pour Serge qui mine de rien passe beaucoup de temps seul durant la journ\u00e9e.<\/p>\n<p style=\"text-align: justify;\">Ce matin nous reprenons notre progression depuis l\u2019h\u00f4tel. Le \u00ab\u00a0zlatan hotel\u00a0\u00bb qui nous a d\u2019ailleurs bien \u00ab\u00a0zlatan\u00e9\u00a0\u00bb hier puisqu\u2019il ne diffusait pas de match. Bref. Notre coureur descend les marches et part en premier tandis que nous finissons de charger le v\u00e9hicule.<br \/>\nAujourd\u2019hui c\u2019est notre derni\u00e8re journ\u00e9e en Croatie. Il m\u2019aurait sans doute fallu plus de temps pour vous parler plus en d\u00e9tail de l\u2019histoire de ce pays. Vous raconter que Josiane Balasko, Miss France 1997 et m\u00eame Zlatan Ibrahimovic ont des racines croates, mais que voulez-vous\u2026 notre coureur avance trop vite\u2026<br \/>\nLa configuration de l\u2019\u00e9tape du jour est la m\u00eame que celle d\u2019hier. Nous continuons de suivre cette fameuse \u00ab\u00a0route 2\u00a0\u00bb bord\u00e9e de centaines et de centaines d\u2019habitations. Sauf que, par chance, aujourd\u2019hui les bas-c\u00f4t\u00e9s sont bien plus nombreux. Du premier au 25<sup>\u00e8me<\/sup> kilom\u00e8tre notre coureur n\u2019aura pas eu \u00e0 c\u00f4toyer de pr\u00e8s une seule fois la circulation. D\u00e8s que c\u2019est possible, nous le faisons n\u00e9anmoins quitter cette route pour aller traverser les villages voisins en leur centre, et ainsi sortir un peu la t\u00eate de toute cette circulation.<\/p>\n<p style=\"text-align: justify;\">La premi\u00e8re ville du jour s\u2019appelle <em>Ludbreg<\/em>. 3600 habitants seulement. Cet endroit est surnomm\u00e9 \u00ab\u00a0le centre du monde\u00a0\u00bb car il semblerait que lorsque l\u2019on prend une carte et que l\u2019on trace des cercles concentriques (c\u2019est \u00e0 dire d\u2019un m\u00eame centre mais de rayons diff\u00e9rents) autour de <em>Ludbreg<\/em>, on retrouve sur ces lignes imaginaires les plus grandes villes, pas seulement de Croatie, mais du monde.<br \/>\nMais au-del\u00e0 de ce surnom un peu capillotract\u00e9, cette ville est surtout connue dans le monde de la foi pour avoir \u00e9t\u00e9 le th\u00e9\u00e2tre d\u2019un miracle eucharistique. \u00ab\u00a0Le miracle de Ludbreg\u00a0\u00bb se serait produit en 1411, sous les yeux d\u2019un pr\u00eatre catholique qui aurait vu le vin se changer en sang. Avait-il d\u00e9j\u00e0 abus\u00e9 de la boisson avant de la voir se transformer\u00a0? L\u00e0 est toute la question. En attendant, que l\u2019on croit ou non \u00e0 ces histoires, des centaines de fid\u00e8les croates v\u00e9n\u00e8rent cet endroit.<\/p>\n<p style=\"text-align: justify;\">La seconde ville de notre \u00e9tape, bien plus grosse que la pr\u00e9c\u00e9dente (plus de 40 000 habitants), s\u2019appelle <em>Vara\u017edin<\/em> (je ne sais pas si je l\u2019ai d\u00e9j\u00e0 \u00e9voqu\u00e9, mais le petit bitoniau au dessus du \u00ab\u00a0<em>s<\/em>\u00a0\u00bb se prononce \u00ab\u00a0<em>ch<\/em>\u00a0\u00bb. On dit donc \u00ab\u00a0<em>Varachdin<\/em>\u00a0\u00bb). Cette municipalit\u00e9 (jumel\u00e9e avec <em>Auxerre<\/em>) poss\u00e8de aussi un surnom\u00a0: \u00ab\u00a0la ville du v\u00e9lo\u00a0\u00bb. Car tr\u00e8s port\u00e9e sur l\u2019\u00e9cologie. Ce qui ne manque pas de plaire \u00e0 Serge qui d\u00e9vore les pistes cyclables avec app\u00e9tit. Cet endroit est charg\u00e9 d\u2019histoire, en t\u00e9moigne les nombreux b\u00e2timents que l\u2019on peut apercevoir en son sein. Comme cette imposante forteresse, b\u00e2tie au XIV<sup>\u00e8me<\/sup> si\u00e8cle et qui permit \u00e0 la ville de ne plus jamais \u00eatre envahis par la suite. Foyer culturel et \u00e9conomique \u00e0 partir du XVII<sup>\u00e8me<\/sup> si\u00e8cle, <em>Vara\u017edin<\/em> devient m\u00eame la capitale de la Croatie en 1767. Mais neuf ans plus tard un \u00e9norme incendie ravage les deux-tiers de la ville et le gouvernement doit retourner \u00e0 <em>Zagreb<\/em>, qui retrouve son titre de capitale dans la foul\u00e9e. Mais les croates n\u2019abandonnent pas <em>Vara\u017edin<\/em> et la reconstruisent peu de temps apr\u00e8s. Preuve que le sort ne s\u2019acharne pas, elle sera \u00e9pargn\u00e9e lors de la Seconde Guerre Mondiale et de la Guerre de Croatie.<\/p>\n<p style=\"text-align: justify;\">En cette fin d\u2019\u00e9tape nous approchons de la fronti\u00e8re Slov\u00e8ne. D\u2019\u00e9trange et tr\u00e8s abruptes reliefs apparaissent au loin, comme s\u2019ils d\u00e9limitaient la limite entre les deux pays. A mesure que nous nous approchons, nous les contournons et d\u00e9couvrons de tr\u00e8s nombreuses vignes le long des flancs.<\/p>\n<p style=\"text-align: justify;\">Mais alors que nous nous appr\u00eatons \u00e0 en finir avec la Croatie, il reste un myst\u00e8re non \u00e9lucid\u00e9\u00a0: pourquoi \u00ab\u00a0HR\u00a0\u00bb\u00a0? Ici les plaques d\u2019immatriculations et les voitures sont marqu\u00e9es d\u2019un <em>HR, <\/em>les sites web finissent en \u00ab\u00a0<em>.hr<\/em>\u00a0\u00bb et j\u2019en passe. J\u2019aurais plut\u00f4t pens\u00e9 voir des \u00ab\u00a0<em>CR<\/em>\u00a0\u00bb ou des \u00ab\u00a0<em>C<\/em>\u00a0\u00bb en ce qui concerne la Croatie, mais ce n\u2019est pas le cas. Si quelqu\u2019un \u00e0 la r\u00e9ponse \u00e0 cette question\u2026 peut-\u00eatre que cela signifie \u00ab<em>\u00a0Herzegovine Republica\u00a0<\/em>\u00bb\u00a0?<\/p>\n<p style=\"text-align: justify;\">Serge passe le poste fronti\u00e8re un peu avant 16h et arr\u00eate sa montre juste de l\u2019autre c\u00f4t\u00e9. Demain nous reprendrons donc notre avanc\u00e9e en Slov\u00e9nie, et ce sera l\u2019occasion pour nous de vous en apprendre plus sur ce pays. A demain.<\/p>\n<p>Donn\u00e9es de la montre Epix: <a href=\"https:\/\/connect.garmin.com\/modern\/activity\/embed\/1622188427\" target=\"_blank\">Garmin Connect<\/a><\/p>\n<p><iframe loading=\"lazy\" width=\"560\" height=\"315\" src=\"https:\/\/www.youtube.com\/embed\/5s4yjt4uiiQ\" frameborder=\"0\" allowfullscreen=\"allowfullscreen\"><\/iframe><\/p>\n","protected":false},"excerpt":{"rendered":"<p>67,34km &#8211; 10h14\u2019 Les jours s\u2019enchainent et d\u00e9filent \u00e0 une vitesse folle. Nous sommes d\u00e9j\u00e0 \u00e0 la mi-mars et pourtant j\u2019ai l\u2019impression que nous \u00e9tions le 1er il y a seulement quelques jours. En m\u00eame temps avec un rythme comme le notre, difficile de s\u2019y retrouver sur le calendrier. L\u2019autre fois je vous parlais de [&hellip;]<\/p>\n","protected":false},"author":1,"featured_media":15393,"comment_status":"closed","ping_status":"closed","sticky":false,"template":"","format":"standard","meta":{"_et_pb_use_builder":"","_et_pb_old_content":"","_et_gb_content_width":"","ngg_post_thumbnail":0,"footnotes":""},"categories":[9],"tags":[],"class_list":["post-15365","post","type-post","status-publish","format-standard","has-post-thumbnail","hentry","category-news"],"_links":{"self":[{"href":"https:\/\/sergegirard.fr\/fr\/wp-json\/wp\/v2\/posts\/15365","targetHints":{"allow":["GET"]}}],"collection":[{"href":"https:\/\/sergegirard.fr\/fr\/wp-json\/wp\/v2\/posts"}],"about":[{"href":"https:\/\/sergegirard.fr\/fr\/wp-json\/wp\/v2\/types\/post"}],"author":[{"embeddable":true,"href":"https:\/\/sergegirard.fr\/fr\/wp-json\/wp\/v2\/users\/1"}],"replies":[{"embeddable":true,"href":"https:\/\/sergegirard.fr\/fr\/wp-json\/wp\/v2\/comments?post=15365"}],"version-history":[{"count":2,"href":"https:\/\/sergegirard.fr\/fr\/wp-json\/wp\/v2\/posts\/15365\/revisions"}],"predecessor-version":[{"id":15390,"href":"https:\/\/sergegirard.fr\/fr\/wp-json\/wp\/v2\/posts\/15365\/revisions\/15390"}],"wp:featuredmedia":[{"embeddable":true,"href":"https:\/\/sergegirard.fr\/fr\/wp-json\/wp\/v2\/media\/15393"}],"wp:attachment":[{"href":"https:\/\/sergegirard.fr\/fr\/wp-json\/wp\/v2\/media?parent=15365"}],"wp:term":[{"taxonomy":"category","embeddable":true,"href":"https:\/\/sergegirard.fr\/fr\/wp-json\/wp\/v2\/categories?post=15365"},{"taxonomy":"post_tag","embeddable":true,"href":"https:\/\/sergegirard.fr\/fr\/wp-json\/wp\/v2\/tags?post=15365"}],"curies":[{"name":"wp","href":"https:\/\/api.w.org\/{rel}","templated":true}]}}