{"id":15339,"date":"2017-03-14T17:08:43","date_gmt":"2017-03-14T16:08:43","guid":{"rendered":"http:\/\/sergegirard.fr\/fr\/?p=15339"},"modified":"2017-03-14T23:18:09","modified_gmt":"2017-03-14T22:18:09","slug":"e409-mardi-14-mars-virovitica-koprivnica","status":"publish","type":"post","link":"https:\/\/sergegirard.fr\/fr\/2017\/03\/14\/e409-mardi-14-mars-virovitica-koprivnica\/","title":{"rendered":"E409: Mardi 14 Mars \/\/ Virovitica &#8211; Koprivnica"},"content":{"rendered":"<p>67,02km &#8211; 10h08\u2019<\/p>\n<p style=\"text-align: justify;\">6 heures, 0 minutes et 54 secondes\u00a0: Serge s\u2019\u00e9lance. L\u2019heure\u00a0du d\u00e9part est respect\u00e9e.<br \/>\nNotre trin\u00f4me a tr\u00e8s vite repris ses marques acquises l\u2019\u00e9t\u00e9 dernier. Chargement des sacs dans le 4&#215;4, rangement du petit-d\u00e9jeuner, remplissage des bidons de vaisselle ainsi que le fameux \u00ab\u00a0<em>check out<\/em>\u00a0\u00bb. Tout le monde sait ce qu\u2019il a \u00e0 faire et pour le moment chaque d\u00e9part est encore plus efficace que le pr\u00e9c\u00e9dent.<\/p>\n<p style=\"text-align: justify;\">Ce matin l\u2019herbe est encore craquante. 2\u00b0C au thermom\u00e8tre. Le soleil se l\u00e8ve fa\u00e7on \u00ab\u00a0\u00e9clipse\u00a0\u00bb pour tr\u00e8s vite dispara\u00eetre derri\u00e8re le voile nuageux. Aujourd\u2019hui nous ne pourrons pas esquiver cette \u00ab\u00a0route 2\u00a0\u00bb et les v\u00e9hicules s\u2019y succ\u00e8dent sans interruption. Il va falloir que Serge prenne son mal en patience. Heureusement des pistes cyclables semblent assez souvent dispos\u00e9es au bord de la route.<\/p>\n<p style=\"text-align: justify;\">Les maisons de couleurs criardes commencent \u00e0 appara\u00eetre, signe que nous approchons de la Slov\u00e9nie. Lors de notre passage en 2010 nous avions \u00e9t\u00e9 marqu\u00e9s par toutes ces couleurs si tape-\u00e0-l\u2019\u0153il. Ici en Croatie elles contrastent fortement avec le reste des habitations. Les villages sont encore plus \u00e9tir\u00e9s qu\u2019hier, par exemple entre le 5<sup>\u00e8me<\/sup> et le 10<sup>\u00e8me<\/sup> kilom\u00e8tre il n\u2019y a pas eu un seul instant o\u00f9 la route n\u2019\u00e9tait pas bord\u00e9e de maisons.<\/p>\n<p style=\"text-align: justify;\">C\u2019est donc une journ\u00e9e assez monotone qui s\u2019annonce, loin de notre escapade rurale de la veille qui nous avait permis d\u2019appr\u00e9cier au mieux l\u2019arri\u00e8re-pays croate. Aujourd\u2019hui ne sera que maisons &amp; circulation. L\u2019occasion pour moi de vous raconter les quelques anecdotes que j\u2019ai jusqu\u2019\u00e0 pr\u00e9sent gard\u00e9 dans ma besace\u2026<\/p>\n<p style=\"text-align: justify;\">Depuis que nous sommes en Croatie, il n\u2019y a plus du tout de chiens errants. Cela n\u2019emp\u00eache pas \u00e0 peu pr\u00e8s tous les croates d\u2019en poss\u00e9der un voir plusieurs. Serge peut le confirmer vu qu\u2019il se fait aboyer dessus \u00e0 longueur de journ\u00e9e. Et il se trouve que le peuple croate et une certaine race de chiens sont \u00e9troitement li\u00e9s\u2026<br \/>\nActuellement nous sommes en Croatie Int\u00e9rieure. Plus \u00e0 l\u2019ouest, le long de la c\u00f4te Adriatique se trouve la r\u00e9gion de Dalmatie. Dalmatie\u2026 vous voyez o\u00f9 est-ce que je veux en venir\u00a0? Et oui, le terme dalmatien est bien originaire d\u2019ici. Autrefois ces animaux \u00e9taient employ\u00e9s comme chiens de garde par les croates, qui les avait m\u00eame dress\u00e9s pour qu\u2019ils attaquent les chevaux des envahisseurs ottomans et ainsi d\u00e9sorganisent leur cavalerie. La description la plus ancienne d\u2019un dalmatien provient de ce pays et date de 1374, et celui-ci appara\u00eet fr\u00e9quemment sur le blason de certains nobles croates.<\/p>\n<p style=\"text-align: justify;\">On continue\u00a0? Cravate\u2026 croate\u2026<br \/>\nEt oui et oui\u2026 les croates seraient aussi \u00e0 l\u2019origine du mot \u00ab\u00a0cravate\u00a0\u00bb, cet accessoire que l\u2019on porte autour du cou (o\u00f9 de la t\u00eate selon l\u2019humeur). Attention je dis bien \u00ab\u00a0seraient\u00a0\u00bb, car les th\u00e9ories \u00e9tymologiques sont multiples et l\u2019on ne pourra jamais vraiment savoir laquelle est la bonne. En attendant celle qui nous int\u00e9resse concerne le roi Louis XIII, qui pendant son r\u00e8gne aurait pris \u00e0 son service un r\u00e9giment de mercenaires croates. Ces derniers avaient pour habitude de nouer un foulard autour de leur cou, ce qui n\u2019\u00e9chappa pas au souverain fran\u00e7ais qui appr\u00e9cia et \u00e9rigea par la suite la cravate comme un symbole d\u2019\u00e9l\u00e9gance. Ce qui dans les ann\u00e9es qui suivirent donna lieu a un raccourci devenu maintenant usuel\u00a0: en Croatie, \u00ab\u00a0croate\u00a0\u00bb se dit \u00ab\u00a0<em>hrvat<\/em>\u00a0\u00bb. Sauf que le \u00ab\u00a0<em>h<\/em>\u00a0\u00bb fa\u00e7on croate est pratiquement impronon\u00e7able en fran\u00e7ais. Celui-ci est donc rapidement devenu un \u00ab\u00a0<em>k\u00a0\u00bb<\/em>, donnant le mot \u00ab\u00a0<em>krvat<\/em>\u00a0\u00bb. <em>Krvat\u2026 Kravat\u2026 Kravate\u2026 Cravate.<\/em><\/p>\n<p style=\"text-align: justify;\">Voil\u00e0 comment serait n\u00e9 ce mot. De nos jours l\u2019histoire est un peu mont\u00e9 \u00e0 la t\u00eate des croates qui ont r\u00e9cemment d\u00e9cr\u00e9t\u00e9 que le 18 octobre serait la journ\u00e9e nationale de la cravate. Pourquoi pas.<\/p>\n<p style=\"text-align: justify;\">Voil\u00e0 pour les anecdotes.<br \/>\nCela fait maintenant plusieurs jours que Serge attend de voir un v\u00e9hicule immatricul\u00e9 en France. Et avec toute la circulation d\u2019aujourd\u2019hui, il \u00e9tait en droit d\u2019esp\u00e9rer. Mais pour l\u2019instant seulement trois camions allemands auront retenu son attention. On approche\u2026<\/p>\n<p style=\"text-align: justify;\">Une fois n\u2019est pas coutume, Serge termine au pied de l\u2019h\u00f4tel. Le \u00ab\u00a0Zlatan Hotel\u00a0\u00bb, et \u00e7a tombe plut\u00f4t bien vu qu\u2019il y a match&#8230; A demain.<\/p>\n<p style=\"text-align: justify;\">PS: Serge me souffle dans l&rsquo;oreillette que son cardio a eu quelques soucis hier et avant-hier. Depuis il a chang\u00e9 les piles et tout est rentr\u00e9 dans l&rsquo;ordre. Ne soyez donc pas \u00e9tonn\u00e9s des pulsations des jours derniers.<\/p>\n<p>Donn\u00e9es de la montre Epix: <a href=\"https:\/\/connect.garmin.com\/modern\/activity\/embed\/1620349064\" target=\"_blank\">Garmin Connect<\/a><\/p>\n<p><iframe loading=\"lazy\" width=\"560\" height=\"315\" src=\"https:\/\/www.youtube.com\/embed\/OiTC8yQs_zQ\" frameborder=\"0\" allowfullscreen=\"allowfullscreen\"><\/iframe><\/p>\n","protected":false},"excerpt":{"rendered":"<p>67,02km &#8211; 10h08\u2019 6 heures, 0 minutes et 54 secondes\u00a0: Serge s\u2019\u00e9lance. L\u2019heure\u00a0du d\u00e9part est respect\u00e9e. Notre trin\u00f4me a tr\u00e8s vite repris ses marques acquises l\u2019\u00e9t\u00e9 dernier. Chargement des sacs dans le 4&#215;4, rangement du petit-d\u00e9jeuner, remplissage des bidons de vaisselle ainsi que le fameux \u00ab\u00a0check out\u00a0\u00bb. Tout le monde sait ce qu\u2019il a \u00e0 [&hellip;]<\/p>\n","protected":false},"author":1,"featured_media":15358,"comment_status":"closed","ping_status":"closed","sticky":false,"template":"","format":"standard","meta":{"_et_pb_use_builder":"","_et_pb_old_content":"","_et_gb_content_width":"","ngg_post_thumbnail":0,"footnotes":""},"categories":[9],"tags":[],"class_list":["post-15339","post","type-post","status-publish","format-standard","has-post-thumbnail","hentry","category-news"],"_links":{"self":[{"href":"https:\/\/sergegirard.fr\/fr\/wp-json\/wp\/v2\/posts\/15339","targetHints":{"allow":["GET"]}}],"collection":[{"href":"https:\/\/sergegirard.fr\/fr\/wp-json\/wp\/v2\/posts"}],"about":[{"href":"https:\/\/sergegirard.fr\/fr\/wp-json\/wp\/v2\/types\/post"}],"author":[{"embeddable":true,"href":"https:\/\/sergegirard.fr\/fr\/wp-json\/wp\/v2\/users\/1"}],"replies":[{"embeddable":true,"href":"https:\/\/sergegirard.fr\/fr\/wp-json\/wp\/v2\/comments?post=15339"}],"version-history":[{"count":4,"href":"https:\/\/sergegirard.fr\/fr\/wp-json\/wp\/v2\/posts\/15339\/revisions"}],"predecessor-version":[{"id":15364,"href":"https:\/\/sergegirard.fr\/fr\/wp-json\/wp\/v2\/posts\/15339\/revisions\/15364"}],"wp:featuredmedia":[{"embeddable":true,"href":"https:\/\/sergegirard.fr\/fr\/wp-json\/wp\/v2\/media\/15358"}],"wp:attachment":[{"href":"https:\/\/sergegirard.fr\/fr\/wp-json\/wp\/v2\/media?parent=15339"}],"wp:term":[{"taxonomy":"category","embeddable":true,"href":"https:\/\/sergegirard.fr\/fr\/wp-json\/wp\/v2\/categories?post=15339"},{"taxonomy":"post_tag","embeddable":true,"href":"https:\/\/sergegirard.fr\/fr\/wp-json\/wp\/v2\/tags?post=15339"}],"curies":[{"name":"wp","href":"https:\/\/api.w.org\/{rel}","templated":true}]}}