{"id":15293,"date":"2017-03-13T17:52:50","date_gmt":"2017-03-13T16:52:50","guid":{"rendered":"http:\/\/sergegirard.fr\/fr\/?p=15293"},"modified":"2017-03-13T17:52:50","modified_gmt":"2017-03-13T16:52:50","slug":"e408-lundi-13-mars-viljevo-virovitica","status":"publish","type":"post","link":"https:\/\/sergegirard.fr\/fr\/2017\/03\/13\/e408-lundi-13-mars-viljevo-virovitica\/","title":{"rendered":"E408: Lundi 13 Mars \/\/ Viljevo &#8211; Virovitica"},"content":{"rendered":"<p style=\"text-align: justify;\">67,12km &#8211; 10h21\u2019<\/p>\n<p>Ce matin nous partons sous une lune parfaitement pleine et distincte. Le jour se l\u00e8ve \u00e0 peine. Il fait froid mais pas de pluie annonc\u00e9e. Nous continuons notre avanc\u00e9e \u00e0 travers cette alternance de villages et de routes de campagne. D\u2019ailleurs en parlant de villages, il est int\u00e9ressant de voir \u00e0 quel point leur sch\u00e9ma de construction est identique. Tout en longueur. Les maisons sont agglutin\u00e9es les unes \u00e0 c\u00f4t\u00e9 des autres le long de la route. Ici pas de rues secondaires, seule la voie principale compte, ce qui donne lieu \u00e0 des villages tr\u00e8s \u00e9tir\u00e9s.<\/p>\n<p>On profite avec plaisir des boulangeries locales. Preuve que nous sommes en pleine campagne : le matin tout le monde am\u00e8ne ses bidons remplis de lait \u00e0 la coop\u00e9rative de son village. Chacun doit poss\u00e9der une ou deux vaches chez lui, et ainsi participer \u00e0 la vie de la communaut\u00e9.<\/p>\n<p>Il est 10h et les rayons du soleil viennent nous r\u00e9chauffer \u00e0 travers le pare-brise. Nous profitons d\u2019une matin\u00e9e bien paisible. Une vieille dame vient nous parler au troisi\u00e8me point de ravitaillement. En croate bien sur. On ne comprend absolument rien, mais elle semble aborder tous les sujets imaginables. Elle rigole, puis se met \u00e0 inspecter le v\u00e9hicule, tape dans ses mains pleines de terre et regarde Ludovic en faisant des cornes de diable au-dessus de sa t\u00eate. Bref la totale. Puis elle s\u2019en va aussi vite qu\u2019elle est venue.<\/p>\n<p>Au 22<sup>\u00e8me<\/sup> kilom\u00e8tre nous bifurquons sur une toute petite route, d\u2019un goudronnage parfait et d\u2019une tranquillit\u00e9 extr\u00eame. Cet itin\u00e9raire, qui n\u2019\u00e9tait pas celui pr\u00e9vu, est la trouvaille de Serge qui a pass\u00e9 un peu de temps hier sur internet \u00e0 chercher la meilleure route pour aujourd\u2019hui. Et c\u2019est plut\u00f4t r\u00e9ussi. Nous traversons de nombreux villages dont la ruralit\u00e9 est tr\u00e8s importante. Ici les gens ont l\u2019air de vivre hors du temps avec comme activit\u00e9 principale l\u2019agriculture. Tous les jardins sont remplis de poules, coqs, chiens et autres chats.<\/p>\n<p style=\"text-align: justify;\">\nIl est int\u00e9ressant de voir que chaque village poss\u00e8de son infrastructure footballistique. Et souvent en tr\u00e8s bon \u00e9tat. Si la Croatie est connue pour ses performances en water-polo et en basket, le football reste un sport tr\u00e8s populaire ici. De tous les pays issus de l\u2019ex-Yougoslavie, c\u2019est surement celui dont le vivier de footballeurs de qualit\u00e9 est le plus important. <em>Modric<\/em>, <em>Rakitic, Mandzukic, Subasic <\/em>ou m\u00eame <em>Davor Suker <\/em>il y a plus longtemps, sont autant de tr\u00e8s bons joueurs connus des amateurs de football. On d\u00e9nombre pas moins de 1500 clubs professionnels dans le pays.<\/p>\n<p>En fait, j\u2019en viens \u00e0 me dire que si la Yougoslavie n\u2019avait pas implos\u00e9, elle aurait certainement \u00e9t\u00e9 un acteur majeur de l\u2019Europe. Fusionnez des pays comme la Serbie, la Croatie, la Bosnie-Herz\u00e9govine, la Slov\u00e9nie, le Mont\u00e9n\u00e9gro et la Mac\u00e9doine et vous obtenez un \u00e9tat d\u2019une puissance politique et surtout culturelle tr\u00e8s importante. Pardon d\u2019en revenir au football mais si vous mettez tous les internationaux des pays cit\u00e9s ci-dessus ensemble, vous obtenez une \u00e9quipe d\u2019une tr\u00e8s grande qualit\u00e9. D\u2019ailleurs ce n\u2019est pas anodin si dans les ann\u00e9es 90 des clubs yougoslaves comme l\u2019Etoile Rouge de Belgrade brillaient en coupe d\u2019Europe.<br \/>\nMais au-del\u00e0 du football, la Yougoslavie aurait forc\u00e9ment eu sa carte \u00e0 jouer dans le tourisme avec la c\u00f4te Adriatique et les Alpes Dinariques. Son cin\u00e9ma des Balkans, tellement teint\u00e9 d\u2019humour noir, aurait surement eu plus d\u2019impact au niveau mondial. Sans parler de sa taille et de son emplacement strat\u00e9gique au c\u0153ur de l\u2019Europe et de la M\u00e9diterran\u00e9e. Mais l\u2019histoire retiendra que la Yougoslavie n\u2019a pas su r\u00e9sister aux trop nombreuses diff\u00e9rences culturelles et religieuses de ses habitants, et l\u2019on ne saura jamais quelle importance elle aurait eu de nos jours.<\/p>\n<p>En fin d\u2019\u00e9tape nous quittons notre campagne pour retrouver cette \u00ab\u00a0route 2\u00a0\u00bb qui aurait du \u00eatre la notre durant toute la journ\u00e9e. Quelques kilom\u00e8tres de course et nous voil\u00e0 \u00e0 Virovitica, notre ville \u00e9tape du jour. Le temps pour Serge d\u2019en sortir, par le biais de trottoirs et pistes cyclables plut\u00f4t bien r\u00e9partis, et le voil\u00e0 qui arr\u00eate sa montre. Reprise des d\u00e9bats demain, m\u00eame heure m\u00eame endroit.<\/p>\n<p>Donn\u00e9es de la montre Epix: <a href=\"https:\/\/connect.garmin.com\/modern\/activity\/embed\/1618789181\" target=\"_blank\">Garmin Connect<\/a><\/p>\n<p><iframe loading=\"lazy\" width=\"560\" height=\"315\" src=\"https:\/\/www.youtube.com\/embed\/5vvuWiZiR_w\" frameborder=\"0\" allowfullscreen=\"allowfullscreen\"><\/iframe><\/p>\n","protected":false},"excerpt":{"rendered":"<p>67,12km &#8211; 10h21\u2019 Ce matin nous partons sous une lune parfaitement pleine et distincte. Le jour se l\u00e8ve \u00e0 peine. Il fait froid mais pas de pluie annonc\u00e9e. Nous continuons notre avanc\u00e9e \u00e0 travers cette alternance de villages et de routes de campagne. D\u2019ailleurs en parlant de villages, il est int\u00e9ressant de voir \u00e0 quel [&hellip;]<\/p>\n","protected":false},"author":1,"featured_media":15334,"comment_status":"closed","ping_status":"closed","sticky":false,"template":"","format":"standard","meta":{"_et_pb_use_builder":"","_et_pb_old_content":"","_et_gb_content_width":"","ngg_post_thumbnail":0,"footnotes":""},"categories":[9],"tags":[],"class_list":["post-15293","post","type-post","status-publish","format-standard","has-post-thumbnail","hentry","category-news"],"_links":{"self":[{"href":"https:\/\/sergegirard.fr\/fr\/wp-json\/wp\/v2\/posts\/15293","targetHints":{"allow":["GET"]}}],"collection":[{"href":"https:\/\/sergegirard.fr\/fr\/wp-json\/wp\/v2\/posts"}],"about":[{"href":"https:\/\/sergegirard.fr\/fr\/wp-json\/wp\/v2\/types\/post"}],"author":[{"embeddable":true,"href":"https:\/\/sergegirard.fr\/fr\/wp-json\/wp\/v2\/users\/1"}],"replies":[{"embeddable":true,"href":"https:\/\/sergegirard.fr\/fr\/wp-json\/wp\/v2\/comments?post=15293"}],"version-history":[{"count":1,"href":"https:\/\/sergegirard.fr\/fr\/wp-json\/wp\/v2\/posts\/15293\/revisions"}],"predecessor-version":[{"id":15335,"href":"https:\/\/sergegirard.fr\/fr\/wp-json\/wp\/v2\/posts\/15293\/revisions\/15335"}],"wp:featuredmedia":[{"embeddable":true,"href":"https:\/\/sergegirard.fr\/fr\/wp-json\/wp\/v2\/media\/15334"}],"wp:attachment":[{"href":"https:\/\/sergegirard.fr\/fr\/wp-json\/wp\/v2\/media?parent=15293"}],"wp:term":[{"taxonomy":"category","embeddable":true,"href":"https:\/\/sergegirard.fr\/fr\/wp-json\/wp\/v2\/categories?post=15293"},{"taxonomy":"post_tag","embeddable":true,"href":"https:\/\/sergegirard.fr\/fr\/wp-json\/wp\/v2\/tags?post=15293"}],"curies":[{"name":"wp","href":"https:\/\/api.w.org\/{rel}","templated":true}]}}