{"id":15239,"date":"2017-03-11T20:25:46","date_gmt":"2017-03-11T19:25:46","guid":{"rendered":"http:\/\/sergegirard.fr\/fr\/?p=15239"},"modified":"2017-03-11T20:25:46","modified_gmt":"2017-03-11T19:25:46","slug":"e406-samedi-11-mars-klenak-tenja-croatie","status":"publish","type":"post","link":"https:\/\/sergegirard.fr\/fr\/2017\/03\/11\/e406-samedi-11-mars-klenak-tenja-croatie\/","title":{"rendered":"E406: Samedi 11 Mars \/\/ Gibarac &#8211; Tenja (Croatie)"},"content":{"rendered":"<p>66,82km &#8211; 10h32\u2019<\/p>\n<p>Ce matin nous reprenons notre route aux portes de la Croatie. Seulement huit kilom\u00e8tres nous s\u00e9parent de la fronti\u00e8re. Le temps pour la Serbie de nous offrir un dernier et beau lever de soleil.<br \/>\nIl est 8h et nous passons le poste douanier. Une rapide inspection du v\u00e9hicule et le tour est jou\u00e9. Je n\u2019irais pas jusqu\u2019\u00e0 dire que tout change une fois la fronti\u00e8re pass\u00e9e, mais on note pas mal de nouveaut\u00e9s. La route d\u00e9j\u00e0, est refaite \u00e0 neuf. Fini les bas-c\u00f4t\u00e9s boueux, place \u00e0 un asphalte de qualit\u00e9\u00a0! L\u2019alphabet cyrillique lui \u00e0 compl\u00e8tement disparu, laissant place \u00e0 nos bonnes vieilles lettres latines. Les maisons, elles, sont cribl\u00e9es de nombreux impacts de balles, signe que cette guerre de Yougoslavie est encore r\u00e9cente. Bizarrement je n\u2019ai pas souvenir d\u2019avoir vu de traces d\u2019affrontements sur les murs serbes. Autre nouveaut\u00e9 non n\u00e9gligeable\u00a0: le retour de la poste\u00a0! Nous allons enfin pouvoir envoyer nos missives, chose qui semblait impossible depuis le fin fond des campagnes bulgares et serbes. Les boulangeries aussi font leur grand retour. M\u00eame si l\u2019on commen\u00e7ait \u00e0 en apercevoir ces derniers jours, on peut officiellement dire que nous allons retrouver des viennoiseries au petit d\u00e9jeuner\u2026<\/p>\n<p>Apr\u00e8s quelques kilom\u00e8tres en terre croate, il semblerait que la sociabilit\u00e9 soit elle aussi de retour. Les enfants viennent voir le 4&#215;4 et s\u2019int\u00e9resse au parcours d\u2019imprimer sur les vitres. Et malgr\u00e9 la barri\u00e8re de la langue ils posent des questions, et confirment qu\u2019on peut se comprendre \u00e0 l\u2019aide de quelques gestes et dessins sur le capot.<\/p>\n<p>Niveau m\u00e9t\u00e9o c\u2019est bien moins chaleureux\u00a0: un vent glacial et contraire s\u00e9vit depuis ce matin. Les buses s\u2019en donnent \u00e0 c\u0153ur joie et utilisent les courants pour chasser tout en l\u00e9g\u00e8ret\u00e9. Notre coureur, lui, n\u2019a pas encore l\u2019envergure d\u2019ailes n\u00e9cessaire pour en profiter. Mais cette m\u00e9t\u00e9o n\u2019a rien d\u2019\u00e9tonnant. Depuis notre d\u00e9part de Turquie, nous ne faisons que remonter vers le nord. Et de plus, nous serons dans moins d\u2019une semaine au pied des Alpes, o\u00f9 g\u00e9n\u00e9ralement il fait encore tr\u00e8s frais durant le mois de mars. De la neige est m\u00eame \u00e0 pr\u00e9voir.<\/p>\n<p>Mais l\u2019heure n\u2019est pas au chainage des pneus. Pour l\u2019instant nous sommes dans la campagne croate, loin de la c\u00f4te adriatique si pris\u00e9e et connue des touristes. Ici les villages et les champs ne doivent pas d\u00e9cha\u00eener les agences de tourisme. Mais d\u2019une mani\u00e8re g\u00e9n\u00e9rale, la Croatie semble dans une meilleure situation \u00e9conomique que ses voisins de l\u2019est. En t\u00e9moigne les habitations mieux entretenues et les bas-c\u00f4t\u00e9s qui ne ressemblent plus \u00e0 des d\u00e9charges. Notre premi\u00e8re incursion en ville confirme nos pens\u00e9es. Vukovar et ses\u00a0quelques 30 000 habitants respire l\u2019occident \u00e0 plein nez. La ville est agenc\u00e9e exactement de la m\u00eame mani\u00e8re et avec la m\u00eame modernit\u00e9 que nos villes moyennes. On retrouve de plus en plus d\u2019enseignes \u00e9galement implant\u00e9es chez nous et des publicit\u00e9s identiques \u00e0 celles que l\u2019on peut apercevoir en France. On croise m\u00eame des cars Flixbus, dont le r\u00e9seau ne s\u2019\u00e9tend qu\u2019en Europe de l\u2019ouest.<\/p>\n<p>Mais Vukovar est un nom qui parle \u00e0 Serge et David. En effet cette ville est surtout connue pour avoir \u00e9t\u00e9 le th\u00e9\u00e2tre de la plus f\u00e9roce et la plus longue bataille depuis 1945. En 1991 pendant la guerre de Croatie les forces serbes assi\u00e8gent la ville par le biais d\u2019un bombardement intensif (plus de 12 000 obus et rockets ont \u00e9t\u00e9 tir\u00e9s) et obligent la population a rester confin\u00e9e dans les caves pendant trois mois, sans aucune aide humanitaire. Apr\u00e8s 87 jours de si\u00e8ge les combattants croates sont forc\u00e9s de se rendre, et beaucoup de personnes sont par la suite ex\u00e9cut\u00e9es.<br \/>\nLe ch\u00e2teau d\u2019eau de Vukovar, cribl\u00e9 d\u2019impacts d\u2019obus a \u00e9t\u00e9 laiss\u00e9 en l\u2019\u00e9tat en souvenir de la r\u00e9sistance oppos\u00e9e par les soldats croates. La ville, enti\u00e8rement ras\u00e9e par ce conflit, \u00e0 \u00e9t\u00e9 totalement reconstruite depuis. Voil\u00e0 donc pourquoi je trouvais si Vukokar si moderne\u2026<\/p>\n<p>Nous reprenons notre route \u00e0 travers la campagne. Quelques ravitaillements plus tard et c\u2019est d\u00e9j\u00e0 le dernier pour David, notre prince de Luttange, qui s\u2019en va ce soir. Pratiquement deux mois pass\u00e9s sur la course et assur\u00e9ment plein de souvenirs \u00e0 ramener dans sa besace. Mais ce n\u2019est qu\u2019un au revoir, car il semblerait que le Run Around the Planet vienne visiter la principaut\u00e9 de Luttange lors de son retour en France\u2026<\/p>\n<p>En attendant c\u2019est Ludovic, notre lulu national fra\u00eechement arriv\u00e9 de Grenoble, qui va prendre le relais \u00e0 mes c\u00f4t\u00e9s, et rallumer la flamme d\u2019un bin\u00f4me qui avait si bien march\u00e9 sur ces \u00eeles du Pacifique\u2026<br \/>\nA demain pour une nouvelle journ\u00e9e de course croate.<\/p>\n<p>Donn\u00e9es de la montre Epix: <a href=\"https:\/\/connect.garmin.com\/modern\/activity\/embed\/1614958487\" target=\"_blank\">Garmin Connect<\/a><\/p>\n<p><iframe loading=\"lazy\" width=\"560\" height=\"315\" src=\"https:\/\/www.youtube.com\/embed\/ChMLubsaHog\" frameborder=\"0\" allowfullscreen><\/iframe><\/p>\n","protected":false},"excerpt":{"rendered":"<p>66,82km &#8211; 10h32\u2019 Ce matin nous reprenons notre route aux portes de la Croatie. Seulement huit kilom\u00e8tres nous s\u00e9parent de la fronti\u00e8re. Le temps pour la Serbie de nous offrir un dernier et beau lever de soleil. Il est 8h et nous passons le poste douanier. Une rapide inspection du v\u00e9hicule et le tour est [&hellip;]<\/p>\n","protected":false},"author":1,"featured_media":15263,"comment_status":"closed","ping_status":"closed","sticky":false,"template":"","format":"standard","meta":{"_et_pb_use_builder":"","_et_pb_old_content":"","_et_gb_content_width":"","ngg_post_thumbnail":0,"footnotes":""},"categories":[9],"tags":[],"class_list":["post-15239","post","type-post","status-publish","format-standard","has-post-thumbnail","hentry","category-news"],"_links":{"self":[{"href":"https:\/\/sergegirard.fr\/fr\/wp-json\/wp\/v2\/posts\/15239","targetHints":{"allow":["GET"]}}],"collection":[{"href":"https:\/\/sergegirard.fr\/fr\/wp-json\/wp\/v2\/posts"}],"about":[{"href":"https:\/\/sergegirard.fr\/fr\/wp-json\/wp\/v2\/types\/post"}],"author":[{"embeddable":true,"href":"https:\/\/sergegirard.fr\/fr\/wp-json\/wp\/v2\/users\/1"}],"replies":[{"embeddable":true,"href":"https:\/\/sergegirard.fr\/fr\/wp-json\/wp\/v2\/comments?post=15239"}],"version-history":[{"count":1,"href":"https:\/\/sergegirard.fr\/fr\/wp-json\/wp\/v2\/posts\/15239\/revisions"}],"predecessor-version":[{"id":15240,"href":"https:\/\/sergegirard.fr\/fr\/wp-json\/wp\/v2\/posts\/15239\/revisions\/15240"}],"wp:featuredmedia":[{"embeddable":true,"href":"https:\/\/sergegirard.fr\/fr\/wp-json\/wp\/v2\/media\/15263"}],"wp:attachment":[{"href":"https:\/\/sergegirard.fr\/fr\/wp-json\/wp\/v2\/media?parent=15239"}],"wp:term":[{"taxonomy":"category","embeddable":true,"href":"https:\/\/sergegirard.fr\/fr\/wp-json\/wp\/v2\/categories?post=15239"},{"taxonomy":"post_tag","embeddable":true,"href":"https:\/\/sergegirard.fr\/fr\/wp-json\/wp\/v2\/tags?post=15239"}],"curies":[{"name":"wp","href":"https:\/\/api.w.org\/{rel}","templated":true}]}}