{"id":15181,"date":"2017-03-09T20:27:34","date_gmt":"2017-03-09T19:27:34","guid":{"rendered":"http:\/\/sergegirard.fr\/fr\/?p=15181"},"modified":"2017-03-09T20:29:31","modified_gmt":"2017-03-09T19:29:31","slug":"e404-jeudi-09-mars","status":"publish","type":"post","link":"https:\/\/sergegirard.fr\/fr\/2017\/03\/09\/e404-jeudi-09-mars\/","title":{"rendered":"E404: Jeudi 09 Mars \/\/ Nepricava &#8211; Klenak"},"content":{"rendered":"<p>67,16km \u2013 10h26\u2019<\/p>\n<p style=\"text-align: justify;\">Il est 6h05\u2019 lorsque Serge s\u2019\u00e9lance. Une l\u00e9g\u00e8re brume accompagne un soleil bien d\u00e9cid\u00e9 \u00e0 reprendre le leadership de la m\u00e9t\u00e9o. D\u00e8s le premier kilom\u00e8tre nous bifurquons et effectuons une \u00ab\u00a0<em>remuntada<\/em>\u00a0\u00bb plein nord. En esp\u00e9rant la r\u00e9ussir aussi bien que celle de Barcelone. Hier soir le football a encore montr\u00e9 \u00e0 quel point il pouvait \u00eatre \u00e0 la fois magnifique et cruel\u2026<\/p>\n<p style=\"text-align: justify;\">Aujourd\u2019hui le premier patelin travers\u00e9 s\u2019appelle<em> \u00ab\u00a0Ub\u00a0<\/em>\u00bb. Un point pour l\u2019originalit\u00e9. Une belle \u00e9glise orthodoxe a \u00e9t\u00e9 \u00e9rig\u00e9e sur la place principale. C\u2019est d\u2019ailleurs cette religion qui domine le pays, avec plus de 90% des croyants serbes dans ses rangs. Les 10% restants se partagent entre entre une petite communaut\u00e9 de musulmans au sud-ouest (environ 200 000 personnes), des hongrois catholiques au nord (pratiquement 300 000 pratiquants) et \u00e0 peine 800 juifs.<\/p>\n<p style=\"text-align: justify;\">Le ciel est encore un peu voil\u00e9 mais il fait bon. C\u2019est toujours apr\u00e8s une bonne journ\u00e9e de pluie que l\u2019on prend conscience du bonheur de ravitailler sous le soleil\u2026<\/p>\n<p style=\"text-align: justify;\">Avec David nous nous \u00e9tonnons du peu d\u2019\u00e9levages aper\u00e7us depuis notre entr\u00e9e en Serbie. Quelques troupeaux de moutons tout au plus. Pourtant ce n\u2019est pas l\u2019espace et les p\u00e2turages qui manquent\u2026<br \/>\nApr\u00e8s v\u00e9rification, les b\u00eates doivent \u00eatre encore au chaud. Car selon les chiffres officiels, la Serbie produit 1,5 million de bovins et 3,6 millions de porcs par an. D\u2019ailleurs en ce qui concerne les productions agricoles, sachez que la Serbie poss\u00e8de les terres les plus bio d\u2019Europe\u00a0! La politique men\u00e9e par le gouvernement dans les ann\u00e9es 90 a compl\u00e8tement ruin\u00e9 les agriculteurs, ce qui les a pouss\u00e9s \u00e0 ne pas utiliser les engrais chimiques tr\u00e8s en vogue \u00e0 l\u2019\u00e9poque mais trop chers pour eux. Si \u00e9conomiquement les agriculteurs ont eu plusieurs d\u00e9cennies tr\u00e8s difficiles \u00e0 traverser, cela \u00e0 n\u00e9anmoins pr\u00e9serv\u00e9 les terres de toute pollution agricole et de nos jours le minist\u00e8re serbe de l\u2019agriculture peut se targuer d\u2019\u00eatre un eldorado pour toute la production agricole bio. D\u2019ici quelques ann\u00e9es, plus de 75% des terres agricoles pourront \u00eatre utilis\u00e9es pour des cultures dites \u00ab\u00a0bio \u00bb.<br \/>\nSelon les estimations de Serge aujourd\u2019hui nous sommes \u00e0 J-30 de l\u2019arriv\u00e9e. C\u2019est difficile \u00e0 imaginer tellement nous avons l\u2019impression d\u2019\u00eatre encore \u00e0 l\u2019autre bout de l\u2019Europe. Mais tranquillement nous sommes en train de rentrer dans la derni\u00e8re ligne droite de ce tour du monde. Les sentiments se m\u00ealent forc\u00e9ment dans la t\u00eate de notre coureur.<\/p>\n<p style=\"text-align: justify;\">Notre \u00e9tape du jour atteint <em>Sabac<\/em> en fin de journ\u00e9e. Nous contournons la ville par sa p\u00e9riph\u00e9rie \u00e0 travers de nombreuses usines. Certaines sont compl\u00e8tement d\u00e9saffect\u00e9es tandis que d\u2019autres fonctionnent \u00e0 plein r\u00e9gime. Apr\u00e8s la seconde guerre mondiale et la lib\u00e9ration de la ville par les communistes, celle-ci devint un fleuron de l\u2019industrie notamment gr\u00e2ce \u00e0 l\u2019usine <em>Zorka<\/em>, sp\u00e9cialis\u00e9e dans la chimie.<\/p>\n<p style=\"text-align: justify;\">Nous r\u00e9cup\u00e9rons notre coureur quelques kilom\u00e8tres apr\u00e8s la sortie de la ville, au milieu d\u2019une circulation toujours aussi dangereuse. Sur le chemin du retour, Serge nous raconte que l\u2019endroit o\u00f9 il a couru avec les automobilistes les plus respectueux \u00e9tait le Japon. Ainsi on s\u2019est mis \u00e0 imaginer un automobiliste japonais de passage en serbie\u2026 le choc des cultures\u2026<br \/>\nA demain.<\/p>\n<p>Donn\u00e9es de la montre Epix: <a href=\"https:\/\/connect.garmin.com\/modern\/activity\/embed\/1611480119\" target=\"_blank\">Garmin Connect<\/a><\/p>\n<p><iframe loading=\"lazy\" width=\"560\" height=\"315\" src=\"https:\/\/www.youtube.com\/embed\/r_kq1Fs-0JE\" frameborder=\"0\" allowfullscreen=\"allowfullscreen\"><\/iframe><\/p>\n","protected":false},"excerpt":{"rendered":"<p>67,16km \u2013 10h26\u2019 Il est 6h05\u2019 lorsque Serge s\u2019\u00e9lance. Une l\u00e9g\u00e8re brume accompagne un soleil bien d\u00e9cid\u00e9 \u00e0 reprendre le leadership de la m\u00e9t\u00e9o. D\u00e8s le premier kilom\u00e8tre nous bifurquons et effectuons une \u00ab\u00a0remuntada\u00a0\u00bb plein nord. En esp\u00e9rant la r\u00e9ussir aussi bien que celle de Barcelone. Hier soir le football a encore montr\u00e9 \u00e0 quel [&hellip;]<\/p>\n","protected":false},"author":1,"featured_media":15202,"comment_status":"closed","ping_status":"closed","sticky":false,"template":"","format":"standard","meta":{"_et_pb_use_builder":"","_et_pb_old_content":"","_et_gb_content_width":"","ngg_post_thumbnail":0,"footnotes":""},"categories":[9],"tags":[],"class_list":["post-15181","post","type-post","status-publish","format-standard","has-post-thumbnail","hentry","category-news"],"_links":{"self":[{"href":"https:\/\/sergegirard.fr\/fr\/wp-json\/wp\/v2\/posts\/15181","targetHints":{"allow":["GET"]}}],"collection":[{"href":"https:\/\/sergegirard.fr\/fr\/wp-json\/wp\/v2\/posts"}],"about":[{"href":"https:\/\/sergegirard.fr\/fr\/wp-json\/wp\/v2\/types\/post"}],"author":[{"embeddable":true,"href":"https:\/\/sergegirard.fr\/fr\/wp-json\/wp\/v2\/users\/1"}],"replies":[{"embeddable":true,"href":"https:\/\/sergegirard.fr\/fr\/wp-json\/wp\/v2\/comments?post=15181"}],"version-history":[{"count":2,"href":"https:\/\/sergegirard.fr\/fr\/wp-json\/wp\/v2\/posts\/15181\/revisions"}],"predecessor-version":[{"id":15193,"href":"https:\/\/sergegirard.fr\/fr\/wp-json\/wp\/v2\/posts\/15181\/revisions\/15193"}],"wp:featuredmedia":[{"embeddable":true,"href":"https:\/\/sergegirard.fr\/fr\/wp-json\/wp\/v2\/media\/15202"}],"wp:attachment":[{"href":"https:\/\/sergegirard.fr\/fr\/wp-json\/wp\/v2\/media?parent=15181"}],"wp:term":[{"taxonomy":"category","embeddable":true,"href":"https:\/\/sergegirard.fr\/fr\/wp-json\/wp\/v2\/categories?post=15181"},{"taxonomy":"post_tag","embeddable":true,"href":"https:\/\/sergegirard.fr\/fr\/wp-json\/wp\/v2\/tags?post=15181"}],"curies":[{"name":"wp","href":"https:\/\/api.w.org\/{rel}","templated":true}]}}