{"id":15075,"date":"2017-03-05T18:58:32","date_gmt":"2017-03-05T17:58:32","guid":{"rendered":"http:\/\/sergegirard.fr\/fr\/?p=15075"},"modified":"2017-03-05T20:03:09","modified_gmt":"2017-03-05T19:03:09","slug":"e400-dimanche-05-mars-spaj-aleksinac","status":"publish","type":"post","link":"https:\/\/sergegirard.fr\/fr\/2017\/03\/05\/e400-dimanche-05-mars-spaj-aleksinac\/","title":{"rendered":"E400: Dimanche 05 mars \/\/ Spaj &#8211; Aleksinac"},"content":{"rendered":"<p>67,05km &#8211; 10h32&prime;<\/p>\n<p style=\"text-align: justify;\">Bonjour \u00e0 toutes et \u00e0 tous.<br \/>\nEt oui, d\u00e9j\u00e0 400 jours que Serge est parti sur les routes du tour du monde. Je me souviens du 100<sup>\u00e8me<\/sup> et du 200<sup>\u00e8me<\/sup> comme si c\u2019\u00e9tait hier. Nous avions pass\u00e9 la barre des 100 jours en effectif r\u00e9duit \u00e0 <em>Provo <\/em>(seulement Ren\u00e9, Serge et moi-m\u00eame), dans l\u2019Utah aux Etats-Unis. A ce moment l\u00e0 notre coureur ne comptabilisait pas encore 7000 kilom\u00e8tres. Et le 200<sup>\u00e8me<\/sup> jour \u00e9tait en Alaska, deux \u00e9tapes avant que nous arrivions \u00e0 Anchorage. Aaahh\u2026 souvenirs\u2026<\/p>\n<p>Mais gardons notre nostalgie pour l\u2019arriv\u00e9e. Notre 400<sup>\u00e8me<\/sup> \u00e9tape donc, reprend dans le petit village de <em>Spaj<\/em>, perdu au milieu d\u2019impressionnants reliefs. Les cinq premiers kilom\u00e8tres se r\u00e9sument en une longue et interminable c\u00f4te. L\u2019occasion pour notre coureur de \u00ab\u00a0se mettre en jambe\u00a0\u00bb. Une fois en haut la vue est superbe. Entre le lever de soleil \u00e0 gauche et les montagnes \u00e0 droite, notre c\u0153ur balance.<\/p>\n<p style=\"text-align: justify;\">Notre enfon\u00e7age de porte ouverte du jour revient \u00e0 David qui nous explique que lorsqu\u2019il y a mont\u00e9e, il y a descente. Notre grand d\u00e9fenseur de la cause animale a vu juste puisque apr\u00e8s avoir eu cinq premiers kilom\u00e8tres difficiles, notre coureur va cavaler comme un lapin \u00e0 travers une longue descente jusqu\u2019\u00e0 la ville de <em>Ni<\/em><em>\u0161<\/em>.<\/p>\n<p><em>Ni<\/em><em>\u0161<\/em> est la troisi\u00e8me plus grande ville du pays. N\u2019allez pas non plus imaginer une immense m\u00e9galopole\u00a0: cette zone urbaine ne compte que 260 000 habitants (pour 7 millions de serbes en tout). N\u00e9anmoins elle est importante dans beaucoup de secteurs (\u00e9lectronique, m\u00e9canique, textile et tabac) et id\u00e9alement positionn\u00e9 au niveau g\u00e9ographique, car coup\u00e9e par deux routes europ\u00e9ennes. La E75 qui relie <em>Vard<\/em><em>\u00f8 <\/em>(Norv\u00e8ge) \u00e0 <em>Ath\u00e8nes<\/em> et la E80 qui va de <em>Lisbonne<\/em> en Turquie. Son a\u00e9roport dessert m\u00eame Londres. Comme ouverture sur l\u2019Europe, vous en conviendrez que c\u2019est plut\u00f4t pas mal\u00a0!<br \/>\nQuelques personnalit\u00e9s c\u00e9l\u00e8bres sont n\u00e9es ici, comme Nikola Karabati\u0107, le joueur de handball fran\u00e7ais que l\u2019on ne pr\u00e9sente plus.<br \/>\n<em>Ni<\/em><em>\u0161 <\/em>est aussi jumel\u00e9e avec plusieurs villes, dont Edirne en Turquie que nous avons justement travers\u00e9 lors de notre passage il y a une semaine de cela.<\/p>\n<p>Et puisque d\u00e9cid\u00e9ment il se passe beaucoup de choses \u00e0 <em>Ni<\/em><em>\u0161<\/em>, c\u2019est aussi ici que nous f\u00eatons le passage des 24000 kilom\u00e8tres. Et oui mesdames et messieurs, 24000 kilom\u00e8tres en 400 jours. Ce qui nous fait une belle moyenne de 60 kilom\u00e8tres par jour. Net et sans bavure.<\/p>\n<p>L\u2019apr\u00e8s-midi aura quand \u00e0 lui \u00e9t\u00e9 tr\u00e8s tranquille. Il suffisait, une fois sortis de <em>Ni<\/em><em>\u0161<\/em>, de suivre une petite route qui longe la E75, cette fameuse route europ\u00e9enne dont je vous parlais. Et pas jusqu\u2019\u00e0 <em>Vard\u00f8<\/em> rassurez-vous, mais seulement <em>Aleksinac<\/em>. C\u2019est ici que Serge y \u00e9teindra sa montre. Ce soir nous retournons dormir \u00e0 <em>Ni<\/em><em>\u0161<\/em>.<\/p>\n<p>Donn\u00e9es de la montre Epix: <a href=\"https:\/\/connect.garmin.com\/modern\/activity\/embed\/1604985250\" target=\"_blank\">Garmin Connect<\/a><\/p>\n<p><iframe loading=\"lazy\" width=\"560\" height=\"315\" src=\"https:\/\/www.youtube.com\/embed\/vrlWtgAnC1M\" frameborder=\"0\" allowfullscreen=\"allowfullscreen\"><\/iframe><\/p>\n","protected":false},"excerpt":{"rendered":"<p>67,05km &#8211; 10h32&prime; Bonjour \u00e0 toutes et \u00e0 tous. Et oui, d\u00e9j\u00e0 400 jours que Serge est parti sur les routes du tour du monde. Je me souviens du 100\u00e8me et du 200\u00e8me comme si c\u2019\u00e9tait hier. Nous avions pass\u00e9 la barre des 100 jours en effectif r\u00e9duit \u00e0 Provo (seulement Ren\u00e9, Serge et moi-m\u00eame), [&hellip;]<\/p>\n","protected":false},"author":1,"featured_media":15101,"comment_status":"closed","ping_status":"closed","sticky":false,"template":"","format":"standard","meta":{"_et_pb_use_builder":"","_et_pb_old_content":"","_et_gb_content_width":"","ngg_post_thumbnail":0,"footnotes":""},"categories":[9],"tags":[],"class_list":["post-15075","post","type-post","status-publish","format-standard","has-post-thumbnail","hentry","category-news"],"_links":{"self":[{"href":"https:\/\/sergegirard.fr\/fr\/wp-json\/wp\/v2\/posts\/15075","targetHints":{"allow":["GET"]}}],"collection":[{"href":"https:\/\/sergegirard.fr\/fr\/wp-json\/wp\/v2\/posts"}],"about":[{"href":"https:\/\/sergegirard.fr\/fr\/wp-json\/wp\/v2\/types\/post"}],"author":[{"embeddable":true,"href":"https:\/\/sergegirard.fr\/fr\/wp-json\/wp\/v2\/users\/1"}],"replies":[{"embeddable":true,"href":"https:\/\/sergegirard.fr\/fr\/wp-json\/wp\/v2\/comments?post=15075"}],"version-history":[{"count":3,"href":"https:\/\/sergegirard.fr\/fr\/wp-json\/wp\/v2\/posts\/15075\/revisions"}],"predecessor-version":[{"id":15102,"href":"https:\/\/sergegirard.fr\/fr\/wp-json\/wp\/v2\/posts\/15075\/revisions\/15102"}],"wp:featuredmedia":[{"embeddable":true,"href":"https:\/\/sergegirard.fr\/fr\/wp-json\/wp\/v2\/media\/15101"}],"wp:attachment":[{"href":"https:\/\/sergegirard.fr\/fr\/wp-json\/wp\/v2\/media?parent=15075"}],"wp:term":[{"taxonomy":"category","embeddable":true,"href":"https:\/\/sergegirard.fr\/fr\/wp-json\/wp\/v2\/categories?post=15075"},{"taxonomy":"post_tag","embeddable":true,"href":"https:\/\/sergegirard.fr\/fr\/wp-json\/wp\/v2\/tags?post=15075"}],"curies":[{"name":"wp","href":"https:\/\/api.w.org\/{rel}","templated":true}]}}