{"id":14894,"date":"2017-02-28T22:25:50","date_gmt":"2017-02-28T21:25:50","guid":{"rendered":"http:\/\/sergegirard.fr\/fr\/?p=14894"},"modified":"2017-03-01T17:32:50","modified_gmt":"2017-03-01T16:32:50","slug":"e395-mardi-28-fevrier-byala-reka","status":"publish","type":"post","link":"https:\/\/sergegirard.fr\/fr\/2017\/02\/28\/e395-mardi-28-fevrier-byala-reka\/","title":{"rendered":"E395: Mardi 28 F\u00e9vrier \/\/ Byala Reka &#8211; Godevare"},"content":{"rendered":"<p><em>66,58km &#8211; 10h05&prime;<\/em><\/p>\n<p style=\"text-align: justify;\"><em>Ma ch\u00e8re Bulgarie,<span style=\"font-family: MingLiU,serif;\" face=\"MingLiU, serif\"><\/span><\/em><\/p>\n<p style=\"text-align: justify;\"><em>Ce matin encore tu te d\u00e9voiles \u00e0 nous avec ton opaque et longue robe blanche. On ne voit pas \u00e0 un m\u00e8tre devant nous, mais on imagine que le paysage doit \u00eatre \u00e0 couper le souffle. La circulation est malheureusement tr\u00e8s dangereuse, mais comment te bl\u00e2mer ? Apr\u00e8s tout, est-ce de ta faute si les voitures aiment \u00e0 se doubler lorsqu\u2019il n\u2019y a aucune visibilit\u00e9\u00a0?<\/em><br \/>\n<em> Qu\u2019est-ce qui ne tourne pas rond\u00a0chez l\u2019\u00eatre humain ? O\u00f9 nous m\u00e8neras la folie des hommes\u00a0? Je sais que nous partageons les m\u00eames interrogations. Mike Horn \u00e9crivait d\u2019ailleurs que \u00ab\u00a0le plus dangereux, c\u2019est l\u2019homme\u00a0\u00bb. Je ne peux qu\u2019acquiescer. <\/em><\/p>\n<p style=\"text-align: justify;\"><em>Heureusement notre pedestrian va bien. Tu sais, depuis le temps qu\u2019il court, son sixi\u00e8me sens d\u00e9tecteur de v\u00e9hicules dangereux dans le dos (le \u00ab\u00a0DVDD\u00a0\u00bb) s\u2019est consid\u00e9rablement d\u00e9velopp\u00e9. Dans quelques ann\u00e9es il sera capable de sentir arriver les v\u00e9los, skateboards et quelques 40 moyens de locomotion allant de la trottinette au pousse-pousse. Une prouesse technique.<span style=\"font-family: MingLiU,serif;\" face=\"MingLiU, serif\"><\/span><\/em><\/p>\n<p style=\"text-align: justify;\"><em>Nous avons remarqu\u00e9s les blocs de neige sur les bas-c\u00f4t\u00e9s. De quand datent-ils\u00a0? Les hivers doivent \u00eatre rudes ici. Car m\u00eame si le prince de Luttange et moi-m\u00eame venons de contr\u00e9es r\u00e9put\u00e9es pour leur fra\u00eecheur, il nous est rare de voir de la neige tenir aussi bien sur le bord des routes.<span style=\"font-family: MingLiU,serif;\" face=\"MingLiU, serif\"><br \/>\n<\/span><\/em><\/p>\n<p style=\"text-align: justify;\"><em>Ah oui, j\u2019allais presque oublier. Depuis ce matin nous sommes \u00e0 la recherche de bananes. Nos stocks sont pratiquement \u00e9puis\u00e9s. Probl\u00e8me, lorsque l\u2019on \u00e9voque ce fruit aux commer\u00e7ants, un \u00ab\u00a0non\u00a0\u00bb cat\u00e9gorique nous est adress\u00e9. Si cat\u00e9gorique que c\u2019en est presque d\u00e9rangeant. Est-ce qu\u2019au moins la banane est autoris\u00e9e en Bulgarie\u00a0? Y a-t-il eu des ant\u00e9c\u00e9dents entre elle et votre pays\u00a0? Peut-\u00eatre des manifestations \u00e0 l\u2019encontre de son effigie, ou m\u00eame un boycott national\u00a0? Vos relations avec l\u2019Equateur se portent-elles bien\u00a0? Nous avons l\u2019impression d\u2019avoir mis le doigt sur quelque chose d\u2019extr\u00eamement louche\u2026<\/em><\/p>\n<p style=\"text-align: justify;\"><em>En tout cas toutes nos f\u00e9licitations pour ces apr\u00e8s-midi ensoleill\u00e9es que vous nous proposez depuis notre arriv\u00e9e. 24\u00b0C aujourd\u2019hui, pour un mois de f\u00e9vrier c\u2019\u00e9tait assez inesp\u00e9r\u00e9.<span style=\"font-family: MingLiU,serif;\" face=\"MingLiU, serif\"><br \/>\n<\/span>Nous n\u2019aurons malheureusement pas le loisir d\u2019aller visiter les bords de la mer Noire puisque nous filons tout droit vers Sofia. Mais j\u2019ai entendu dire que le tourisme y \u00e9tait en plein essor. Notamment pendant l\u2019\u00e9t\u00e9 o\u00f9 il peut faire tr\u00e8s chaud, mais aussi parce que le co\u00fbt de la vie est ici est tr\u00e8s abordable. Hier nous avons diner \u00e0 3 pour moins de 20\u20ac, et sans se priver.<\/em><\/p>\n<p style=\"text-align: justify;\"><em>Aujourd\u2019hui nous avons travers\u00e9 Plovdiv (ou <span style=\"color: #424242;\" color=\"#424242\">\u041f\u043b\u043e\u0432\u0434\u0438\u0432<\/span>\u00a0pour les intimes). Pas besoin de te faire un dessin, les travers\u00e9es de villes restent et resteront toujours les m\u00eames : c\u2019est-\u00e0-dire usantes. Surtout que c\u2019est la\u00a02<sup>\u00e8me<\/sup> plus grande ville du pays, forte de\u00a0334 000 habitants. Mais bon, ce n\u2019est pas \u00e0 toi que je vais apprendre \u00e7a\u2026<\/em><\/p>\n<p style=\"text-align: justify;\"><em>Actuellement je t\u2019\u00e9cris cette missive depuis le bord de la \u00ab\u00a0route 8\u00a0\u00bb, o\u00f9 les v\u00e9hicules se d\u00e9placent et se d\u00e9passent \u00e0 une vitesse hallucinante. Il est 17 heures, et le soleil perd doucement de l\u2019altitude. Au loin nous apercevons d\u2019importants reliefs qui ne cessent de se rapprocher. Plus que quelques jours dans ce cher pays\u2026<\/em><\/p>\n<p style=\"text-align: justify;\"><em>Nous allons en profiter comme il se doit, en attendant porte toi bien ma ch\u00e8re Bulgarie, et \u00e0 bient\u00f4t.<\/em><\/p>\n<p>Donn\u00e9es de la montre Epix: <a href=\"https:\/\/connect.garmin.com\/modern\/activity\/embed\/1596251007\" target=\"_blank\">Garmin Connect<\/a><em><\/em><\/p>\n<p><iframe loading=\"lazy\" width=\"560\" height=\"315\" src=\"https:\/\/www.youtube.com\/embed\/LV1r-ttiqRs\" frameborder=\"0\" allowfullscreen=\"allowfullscreen\"><\/iframe><\/p>\n","protected":false},"excerpt":{"rendered":"<p>66,58km &#8211; 10h05&prime; Ma ch\u00e8re Bulgarie, Ce matin encore tu te d\u00e9voiles \u00e0 nous avec ton opaque et longue robe blanche. On ne voit pas \u00e0 un m\u00e8tre devant nous, mais on imagine que le paysage doit \u00eatre \u00e0 couper le souffle. La circulation est malheureusement tr\u00e8s dangereuse, mais comment te bl\u00e2mer ? Apr\u00e8s tout, [&hellip;]<\/p>\n","protected":false},"author":1,"featured_media":14921,"comment_status":"closed","ping_status":"closed","sticky":false,"template":"","format":"standard","meta":{"_et_pb_use_builder":"","_et_pb_old_content":"","_et_gb_content_width":"","ngg_post_thumbnail":0,"footnotes":""},"categories":[9],"tags":[],"class_list":["post-14894","post","type-post","status-publish","format-standard","has-post-thumbnail","hentry","category-news"],"_links":{"self":[{"href":"https:\/\/sergegirard.fr\/fr\/wp-json\/wp\/v2\/posts\/14894","targetHints":{"allow":["GET"]}}],"collection":[{"href":"https:\/\/sergegirard.fr\/fr\/wp-json\/wp\/v2\/posts"}],"about":[{"href":"https:\/\/sergegirard.fr\/fr\/wp-json\/wp\/v2\/types\/post"}],"author":[{"embeddable":true,"href":"https:\/\/sergegirard.fr\/fr\/wp-json\/wp\/v2\/users\/1"}],"replies":[{"embeddable":true,"href":"https:\/\/sergegirard.fr\/fr\/wp-json\/wp\/v2\/comments?post=14894"}],"version-history":[{"count":4,"href":"https:\/\/sergegirard.fr\/fr\/wp-json\/wp\/v2\/posts\/14894\/revisions"}],"predecessor-version":[{"id":14924,"href":"https:\/\/sergegirard.fr\/fr\/wp-json\/wp\/v2\/posts\/14894\/revisions\/14924"}],"wp:featuredmedia":[{"embeddable":true,"href":"https:\/\/sergegirard.fr\/fr\/wp-json\/wp\/v2\/media\/14921"}],"wp:attachment":[{"href":"https:\/\/sergegirard.fr\/fr\/wp-json\/wp\/v2\/media?parent=14894"}],"wp:term":[{"taxonomy":"category","embeddable":true,"href":"https:\/\/sergegirard.fr\/fr\/wp-json\/wp\/v2\/categories?post=14894"},{"taxonomy":"post_tag","embeddable":true,"href":"https:\/\/sergegirard.fr\/fr\/wp-json\/wp\/v2\/tags?post=14894"}],"curies":[{"name":"wp","href":"https:\/\/api.w.org\/{rel}","templated":true}]}}