{"id":14859,"date":"2017-02-27T20:26:23","date_gmt":"2017-02-27T19:26:23","guid":{"rendered":"http:\/\/sergegirard.fr\/fr\/?p=14859"},"modified":"2017-02-27T20:32:52","modified_gmt":"2017-02-27T19:32:52","slug":"e394-lundi-27-fevrier-harmanli-byala-reka","status":"publish","type":"post","link":"https:\/\/sergegirard.fr\/fr\/2017\/02\/27\/e394-lundi-27-fevrier-harmanli-byala-reka\/","title":{"rendered":"E394: Lundi 27 F\u00e9vrier \/\/ Harmanli &#8211; Byala Reka"},"content":{"rendered":"<p>67,24km &#8211; 10h15&prime;<\/p>\n<p style=\"text-align: justify;\">Hier l\u2019entr\u00e9e en Bulgarie a \u00e9t\u00e9 l\u2019occasion de reculer nos montres d\u2019une heure. Ce qui a redonn\u00e9 quelques \u00e9lans matinaux au soleil et par cons\u00e9quent \u00e0 l\u2019\u00e9quipe puisque Serge part la plupart du temps en m\u00eame temps que le jour se l\u00e8ve. Ce matin le top d\u00e9part a donc lieu \u00e0 6h30.<br \/>\nLe brouillard est \u00e0 couper au couteau, et n\u2019est pas sans me rappeler certaines matin\u00e9es hongroises du tour d\u2019Europe 2010. Les cinq premiers kilom\u00e8tres nous voient traverser <i>Harmanli<\/i> o\u00f9 nous avons pos\u00e9 bagages hier. La ville est encore endormie. Il fait tr\u00e8s frais, quelques degr\u00e9s tout au plus.<span style=\"font-family: MingLiU,serif;\" face=\"MingLiU, serif\"><br \/>\n<\/span><br \/>\nMais le soleil fini par percer ce voile brumeux sur les coups de 10 heures, faisant fumer les champs environnants comme si une coul\u00e9e de lave venait d\u2019\u00eatre d\u00e9vers\u00e9e. Po\u00e9tique, non\u00a0? Il faut dire que ce d\u00e9but de journ\u00e9e est tr\u00e8s agr\u00e9able, et on profite d\u2019une colorim\u00e9trie des paysages \u00e0 la hausse.<\/p>\n<p style=\"text-align: justify;\">Nous traversons quelques villages : \u0421\u0442\u043e\u0439\u043a\u043e\u0432\u043e ( <i>Stoykovo<\/i> ), \u041f\u043e\u0434\u043a\u0440\u0435\u043f\u0430 ( <i>Podkrepa<\/i> ) et \u041a\u043b\u043e\u043a\u043e\u0442\u043d\u0438\u0446\u0430 ( <i>Klokotnica <\/i>). Bon nombres d\u2019endroits semble avoir \u00e9t\u00e9 laiss\u00e9s \u00e0 l\u2019abandon, signe d\u2019une situation \u00e9conomique compliqu\u00e9e. Et pourtant, il f\u00fbt un temps o\u00f9 ce pays \u00e9tait l\u2019un des empires les plus rayonnants d\u2019Europe. Au moyen-\u00e2ge, et plus pr\u00e9cis\u00e9ment au d\u00e9but du X<sup>\u00e8me<\/sup> si\u00e8cle, le royaume de Bulgarie est en pleine expansion. Il s\u2019\u00e9tend des c\u00f4tes de la mer Adriatique \u00e0 celles de la mer Noire. Les actuelles Roumanie, Serbie, Mac\u00e9doine, Hongrie, Moldavie et m\u00eame une partie de la Gr\u00e8ce et de la Turquie font partie de ce territoire. La Bulgarie fait d\u2019ailleurs parler d\u2019elle \u00e0 l\u2019\u00e9poque en \u00e9tant le premier \u00e9tat \u00e0 offrir une protection sociale \u00e0 tous ses citoyens.<\/p>\n<p style=\"text-align: justify;\">Mais l\u2019empire byzantin voit d\u2019un tr\u00e8s mauvais \u0153il la mont\u00e9e en puissance des Bulgares. C\u2019est donc depuis sa capitale Constantinople (qui n\u2019est autre qu\u2019<i>Istanbul <\/i>de nos jours, et donc situ\u00e9e \u00e0 quelques centaines de kilom\u00e8tres de la Bulgarie seulement) que l\u2019empereur <i>Basil II <\/i>(surnomm\u00e9 \u00ab\u00a0<i>Le tueur de Bulgares<\/i>\u00a0\u00bb, rien que \u00e7a\u00a0!) ordonne de s\u2019emparer du pays \u00e0 la fin du XI<sup>\u00e8me<\/sup> si\u00e8cle.<span style=\"font-family: MingLiU,serif;\" face=\"MingLiU, serif\"><\/span><\/p>\n<p style=\"text-align: justify;\">200 ans plus tard le peuple bulgare fini par se soul\u00e8ver et parvient \u00e0 retrouver son ind\u00e9pendance. Il doit alors faire face \u00e0 de nouvelles menaces. Pas facile d\u2019\u00eatre coinc\u00e9 entre l\u2019Europe et l\u2019Asie\u2026<br \/>\nLa quatri\u00e8me croisade de l\u2019empire romain est la bonne, et ils arrivent \u00e0 prendre Constantinople \u00e0 l\u2019empire byzantin. Dans la foul\u00e9e ils pensent envahir la Bulgarie, mais emmen\u00e9s par leur leader <i>Ivan Assen II<\/i> les bulgares r\u00e9sistent. Malheureusement pour eux, \u00e0 peine quelques dizaines d\u2019ann\u00e9es plus tard le danger arrive cette fois-ci de l\u2019Est. Les tatars et mongols parviennent \u00e0 assouvir le pays pendant une quarantaine d\u2019ann\u00e9es.<span style=\"font-family: MingLiU,serif;\" face=\"MingLiU, serif\"><br \/>\n<\/span>Malgr\u00e9 un dernier sursaut d\u2019orgueil, cette domination aura grandement affaiblit le pays, et au d\u00e9but du XIV<sup>\u00e8me<\/sup> si\u00e8cle ce dernier tombe aux mains de l\u2019empire Ottoman.<\/p>\n<p style=\"text-align: justify;\">Les bulgares n\u2019ont donc pas connu des jours faciles. Mais l\u2019histoire est loin d\u2019\u00eatre termin\u00e9e, et comme notre p\u00e9riple en Bulgarie non plus je garde la suite pour les jours \u00e0 venir.<br \/>\n<i>To be continued\u2026<\/i><span style=\"font-family: MingLiU,serif;\" face=\"MingLiU, serif\"><i><br \/>\n<\/i><\/span><br \/>\nHier nous vous laissions dans le suspense le plus total avec cette histoire de volants \u00e0 droite. Et bien sachez qu\u2019\u00e0 la question \u00ab\u00a0<i>Pourquoi\u00a0?<\/i>\u00a0\u00bb nous avons obtenu la r\u00e9ponse \u00ab\u00a0<i>Pourquoi pas\u00a0?<\/i>\u00a0\u00bb. D\u2019apr\u00e8s la patronne du restaurant, il n\u2019y a aucune explication rationnelle si ce n\u2019est que les Bulgares se fichent d\u2019avoir un volant d\u2019un c\u00f4t\u00e9 en particulier. Les go\u00fbts et les couleurs comme on dit.<span style=\"font-family: MingLiU,serif;\" face=\"MingLiU, serif\"><br \/>\n<\/span><br \/>\nNous entrons maintenant dans l\u2019apr\u00e8s-midi de cette 394<sup>\u00e8me<\/sup> \u00e9tape et malgr\u00e9 un tr\u00e8s l\u00e9ger voile de grisaille le ciel est parfaitement bleu et la temp\u00e9rature avoisine les 20\u00b0C. Nous avons fait tomber les manteaux et mon c\u00f4t\u00e9 normand me pousserait presque \u00e0 \u00f4ter le pull. Et si la Bulgarie, pas franchement avantag\u00e9e sur le papier et dans les aprioris de chacun, \u00e9tait la bonne surprise de cette partie europ\u00e9enne\u00a0? J\u2019ai envie de mettre une petite pi\u00e8ce sur ce pays\u2026<\/p>\n<p style=\"text-align: justify;\">Sur les coups de 15h, un accident entre 3 voitures a lieu un kilom\u00e8tre en amont de Serge. Pas \u00e9tonnant vu la mani\u00e8re dont les Bulgares conduisent et doublent. La non-visibilit\u00e9 m\u00eal\u00e9e aux virages ne sont pas du genre \u00e0 refroidir un bulgare press\u00e9\u2026<br \/>\nSerge est vigilant, ce matin une voiture qui en d\u00e9passait une autre l\u2019a m\u00eame fr\u00f4l\u00e9 de peu.<\/p>\n<p style=\"text-align: justify;\">L\u2019\u00e9tape se termine devant une succession de stands de nourriture. Evidemment nous ne manquons pas d\u2019attirer l\u2019attention de toutes les commer\u00e7antes qui essaient de nous vendre la totalit\u00e9 de leurs \u00e9choppes en d\u00e9crivant chaque produit comme \u00ab\u00a0<i>super<\/i>\u00a0\u00bb. Les n\u00e9gociations vont bon train et nous faisons le stock de fruits et l\u00e9gumes. Ici la monnaie officielle est le <i>\u00ab\u00a0lev<\/i>\u00a0\u00bb mais tout le monde accepte les euros.<br \/>\n1 <i>lev<\/i> =\u00a01,95583 euros<br \/>\nDonc grosso modo il faut diviser le prix en <i>lev<\/i> par 2 pour obtenir celui en euro.<\/p>\n<p style=\"text-align: justify;\">C\u2019est sur ces savants calculs que je vous laisse. Demain nous continuerons notre plong\u00e9e au c\u0153ur de l\u2019histoire bulgare, en esp\u00e9rant que la journ\u00e9e soit aussi agr\u00e9able que celle d\u2019aujourd\u2019hui. Bonne nuit.<\/p>\n<p>Donn\u00e9es de la montre Epix: <a href=\"https:\/\/connect.garmin.com\/modern\/activity\/embed\/1594661948\" target=\"_blank\">Garmin Connect<\/a><\/p>\n<p><iframe loading=\"lazy\" width=\"560\" height=\"315\" src=\"https:\/\/www.youtube.com\/embed\/h_FH_t51XRo\" frameborder=\"0\" allowfullscreen=\"allowfullscreen\"><\/iframe><\/p>\n","protected":false},"excerpt":{"rendered":"<p>67,24km &#8211; 10h15&prime; Hier l\u2019entr\u00e9e en Bulgarie a \u00e9t\u00e9 l\u2019occasion de reculer nos montres d\u2019une heure. Ce qui a redonn\u00e9 quelques \u00e9lans matinaux au soleil et par cons\u00e9quent \u00e0 l\u2019\u00e9quipe puisque Serge part la plupart du temps en m\u00eame temps que le jour se l\u00e8ve. Ce matin le top d\u00e9part a donc lieu \u00e0 6h30. [&hellip;]<\/p>\n","protected":false},"author":1,"featured_media":14890,"comment_status":"closed","ping_status":"closed","sticky":false,"template":"","format":"standard","meta":{"_et_pb_use_builder":"","_et_pb_old_content":"","_et_gb_content_width":"","ngg_post_thumbnail":0,"footnotes":""},"categories":[9],"tags":[],"class_list":["post-14859","post","type-post","status-publish","format-standard","has-post-thumbnail","hentry","category-news"],"_links":{"self":[{"href":"https:\/\/sergegirard.fr\/fr\/wp-json\/wp\/v2\/posts\/14859","targetHints":{"allow":["GET"]}}],"collection":[{"href":"https:\/\/sergegirard.fr\/fr\/wp-json\/wp\/v2\/posts"}],"about":[{"href":"https:\/\/sergegirard.fr\/fr\/wp-json\/wp\/v2\/types\/post"}],"author":[{"embeddable":true,"href":"https:\/\/sergegirard.fr\/fr\/wp-json\/wp\/v2\/users\/1"}],"replies":[{"embeddable":true,"href":"https:\/\/sergegirard.fr\/fr\/wp-json\/wp\/v2\/comments?post=14859"}],"version-history":[{"count":2,"href":"https:\/\/sergegirard.fr\/fr\/wp-json\/wp\/v2\/posts\/14859\/revisions"}],"predecessor-version":[{"id":14892,"href":"https:\/\/sergegirard.fr\/fr\/wp-json\/wp\/v2\/posts\/14859\/revisions\/14892"}],"wp:featuredmedia":[{"embeddable":true,"href":"https:\/\/sergegirard.fr\/fr\/wp-json\/wp\/v2\/media\/14890"}],"wp:attachment":[{"href":"https:\/\/sergegirard.fr\/fr\/wp-json\/wp\/v2\/media?parent=14859"}],"wp:term":[{"taxonomy":"category","embeddable":true,"href":"https:\/\/sergegirard.fr\/fr\/wp-json\/wp\/v2\/categories?post=14859"},{"taxonomy":"post_tag","embeddable":true,"href":"https:\/\/sergegirard.fr\/fr\/wp-json\/wp\/v2\/tags?post=14859"}],"curies":[{"name":"wp","href":"https:\/\/api.w.org\/{rel}","templated":true}]}}