{"id":14753,"date":"2017-02-24T19:08:10","date_gmt":"2017-02-24T18:08:10","guid":{"rendered":"http:\/\/sergegirard.fr\/fr\/?p=14753"},"modified":"2017-02-24T21:19:53","modified_gmt":"2017-02-24T20:19:53","slug":"e391-vendredi-24-fevrier-tekirdag-luleburgaz","status":"publish","type":"post","link":"https:\/\/sergegirard.fr\/fr\/2017\/02\/24\/e391-vendredi-24-fevrier-tekirdag-luleburgaz\/","title":{"rendered":"E391: Vendredi 24 F\u00e9vrier \/\/ Tekirdag &#8211; L\u00fcleburgaz"},"content":{"rendered":"<p>66,00km &#8211; 10h24&prime;<\/p>\n<p style=\"text-align: justify;\">Nous accusons bonne r\u00e9ception de David et Bertrand, qui apr\u00e8s deux jours de conduite effr\u00e9n\u00e9e sont arriv\u00e9s aux alentours de 2 heures cette nuit. Nous les attendions plus t\u00f4t mais un \u00e9garement dans les montagnes bulgares et un contr\u00f4le plus compliqu\u00e9 que pr\u00e9vu \u00e0 la fronti\u00e8re turque auront eu raison de leur timing. La police des fronti\u00e8res leur a demand\u00e9 de d\u00e9charger enti\u00e8rement le 4&#215;4 pour le faire passer aux rayons X. Et vu la charge du v\u00e9hicule, ce ne fut pas une mince affaire.<br \/>\nNous les retrouvons donc au petit d\u00e9jeuner ce matin, sans surprise fatigu\u00e9s de leur courte nuit, mais fid\u00e8les au poste.<\/p>\n<p style=\"text-align: justify;\">La nuit aura \u00e9t\u00e9 le th\u00e9\u00e2tre de r\u00e8glements de compte entre chiens juste sous la fen\u00eatre de notre chambre. Les chiens errants sont la grande hantise de Serge lorsqu\u2019il court, et il appr\u00e9hende d\u2019en croiser dans les jours qui viennent. Il avait d\u00e9j\u00e0 rencontr\u00e9 ce probl\u00e8me en Gr\u00e8ce lors de Paris-Tokyo et quelques ann\u00e9es plus tard sur le tour d\u2019Europe. M\u00eame si sur le papier cela peut lui donner des ailes et le faire arriver plus vite \u00e0 Paris, on aimerait quand m\u00eame lui \u00e9viter une course poursuite avec une meute de chiens.<\/p>\n<p style=\"text-align: justify;\">Le d\u00e9part s\u2019effectue depuis le bord de la mer de Marmara. Il est 7h du matin et le jour n\u2019est pas encore lev\u00e9. Le temps de repasser devant notre h\u00f4tel (dont le nom \u00ab\u00a0Rodosto\u00a0\u00bb \u00e9tait en fait l\u2019ancienne appellation de <i>Tekirdag<\/i> sous l\u2019empire Ottoman) et Serge part s\u2019enfiler dans les rues de la cit\u00e9. Pour une reprise, le premier kilom\u00e8tre est raide au possible. Car <i>Tekirdag<\/i>, coinc\u00e9e entre la mer et un haut plateau, est une ville qui s\u2019est construite toute en inclinaison. De notre c\u00f4t\u00e9, nous nous faufilons \u00e0 travers les nombreuses rues \u00e0 sens unique et retrouvons notre coureur comme pr\u00e9vu au lyc\u00e9e local.<\/p>\n<p style=\"text-align: justify;\">Aujourd\u2019hui nous c\u00e9l\u00e9brons le retour du 4&#215;4 sur le tour du monde. Lui qui avait eu le privil\u00e8ge de commencer l\u2019aventure, va aussi avoir celui de la clore. Sp\u00e9cialement affr\u00e9t\u00e9 depuis la Normandie, il est charg\u00e9 \u00e0 ras-bord de tous les ravitaillements imaginables. Tellement de petites gourmandises r\u00e9unies dans le coffre d\u2019une seule voiture\u2026 j\u2019en salive rien que de l\u2019\u00e9crire\u2026<br \/>\nComme dirait Bertrand, nos stocks sont tellement \u00e9normes qu\u2019on va pouvoir organiser une pur\u00e9e g\u00e9ante le jour de l\u2019arriv\u00e9e place du Trocad\u00e9ro.<span style=\"font-family: MingLiU,serif;\" face=\"MingLiU, serif\"><\/span><\/p>\n<p style=\"text-align: justify;\">Notre s\u00e9rotonine-addict est, lui, heureux de courir \u00e0 nouveau. De retrouver les routes. Quoique celle de ce matin n\u2019est pas des plus glamour. Une 2&#215;2 voies avec un terre-plein central qui nous oblige \u00e0 faire des demi-tours pour venir se garer de l\u2019autre c\u00f4t\u00e9, l\u00e0 o\u00f9 Serge court. D\u2019ailleurs notre coureur est particuli\u00e8rement d\u00e9stabilis\u00e9 en ce d\u00e9but de journ\u00e9e : il a la sensation que toutes les voitures vont lui arriver dans le dos, alors que pourtant il continue de courir face \u00e0 la circulation. La raison\u00a0? Depuis le mois de septembre il n\u2019a travers\u00e9 que des pays o\u00f9 la circulation s\u2019effectuait \u00e0 gauche\u00a0: \u00eeles Fidji, Nouvelle-Z\u00e9lande, Australie, Afrique du Sud et Namibie. Il va falloir se r\u00e9habituer.<br \/>\nM\u00eame tarif pour nous la team conducteur, qui s\u2019\u00e9chappe de temps en temps sur la voie de gauche\u2026<\/p>\n<p style=\"text-align: justify;\">En milieu de matin\u00e9e nous arrivons \u00e0 <i>Muratli<\/i>. Une bifurcation sur la gauche plus tard et nous voil\u00e0 sur une petite route de campagne bien plus tranquille que la D565. S\u2019en suit alors une travers\u00e9e de villages tous plus ruraux les uns que les autres. C\u2019est bien simple, on se croirait dans le pays de Caux. Le pays de Caux avec plein de minarets partout.<br \/>\nMais au-del\u00e0 de ce m\u00e9lange arabo-cauchois, ce qui nous marque le plus est malheureusement la pr\u00e9sence d\u2019innombrables d\u00e9chets sur le bord des routes. Nous en discutions l\u2019autre jour, pour le moment sur ce tour du monde nous n\u2019avons travers\u00e9 aucun pays dont les bords de route \u00e9taient r\u00e9ellement propres. Mais la Turquie vient en une seule journ\u00e9e de remporter la palme de la plus sale. Tout le monde laisse ses poubelles en pleine nature, et le vent s\u2019occupe de tout disperser. Les m\u00e9taux, trop lourds, restent sur place tandis que le plastique, pr\u00e9sent sous toutes les formes possibles, s\u2019envole dans tous les sens. Le tri s\u00e9lectif \u00e0 la turque.<\/p>\n<p style=\"text-align: justify;\">A 13h30 l\u2019appel \u00e0 la pri\u00e8re fait s\u2019envoler les corbeaux des alentours. L\u2019enregistrement audio r\u00e9sonne dans toute la campagne. Les habitants du coin nous \u00e9pient tous avec interrogation\u00a0: il est clair qu\u2019avec la d\u00e9partementale et m\u00eame l\u2019autoroute juste \u00e0 c\u00f4t\u00e9, ils ne doivent pas avoir beaucoup de visite.<br \/>\nLe vent redouble d\u2019intensit\u00e9 durant l\u2019apr\u00e8s-midi, charriant avec lui autant de d\u00e9chets, d\u2019odeurs et de poussi\u00e8re que possible. Tout le monde reste bien sagement enferm\u00e9 dans les voitures en pensant \u00e0 Serge qui doit bien plus en p\u00e2tir.<\/p>\n<p style=\"text-align: justify;\">En fin d\u2019\u00e9tape nous atteignons <i>L\u00fcleburgaz<\/i>. En ce vendredi apr\u00e8s-midi cette ville grouille de monde. Mais qu\u2019\u00e0 cela ne tienne, ce n\u2019est pas\u00a0100 000 habitants qui vont arr\u00eater la caravane du tour. Les deux v\u00e9hicules guident Serge \u00e0 travers les intersections, le ravitaillent une derni\u00e8re fois avant de retourner sur une 2&#215;2 voies sobrement appel\u00e9e \u00ab\u00a0D100\u00a0\u00bb. Et pourtant c\u2019est bien vers la Bulgarie que nous continuons de monter.<\/p>\n<p style=\"text-align: justify;\">Demain Bertrand repartira du c\u00f4t\u00e9 de chez nous, emmenant avec lui la voiture de location et nous laissant seuls avec le 4&#215;4. La fin de journ\u00e9e est donc consacr\u00e9e \u00e0 l\u2019am\u00e9nagement du v\u00e9hicule afin qu\u2019il soit le plus fonctionnel possible, et ce jusqu\u2019\u00e0 la fin de la course. Autant vous dire que la journ\u00e9e est loin d\u2019\u00eatre termin\u00e9e. A demain.<\/p>\n<p>Donn\u00e9e de la montre Epix:\u00a0<a href=\"https:\/\/connect.garmin.com\/modern\/activity\/embed\/1589264526\" target=\"_blank\">Garmin Connect<\/a><\/p>\n<p><iframe loading=\"lazy\" width=\"560\" height=\"315\" style=\"border: none; overflow: hidden;\" src=\"https:\/\/www.facebook.com\/plugins\/video.php?href=https%3A%2F%2Fwww.facebook.com%2Fsergegirardofficiel%2Fvideos%2F1562420777121438%2F&amp;show_text=0&amp;width=560\" scrolling=\"no\" frameborder=\"0\" allowtransparency=\"true\" allowfullscreen=\"allowfullscreen\"><\/iframe><\/p>\n","protected":false},"excerpt":{"rendered":"<p>66,00km &#8211; 10h24&prime; Nous accusons bonne r\u00e9ception de David et Bertrand, qui apr\u00e8s deux jours de conduite effr\u00e9n\u00e9e sont arriv\u00e9s aux alentours de 2 heures cette nuit. Nous les attendions plus t\u00f4t mais un \u00e9garement dans les montagnes bulgares et un contr\u00f4le plus compliqu\u00e9 que pr\u00e9vu \u00e0 la fronti\u00e8re turque auront eu raison de leur [&hellip;]<\/p>\n","protected":false},"author":1,"featured_media":14785,"comment_status":"closed","ping_status":"closed","sticky":false,"template":"","format":"standard","meta":{"_et_pb_use_builder":"","_et_pb_old_content":"","_et_gb_content_width":"","ngg_post_thumbnail":0,"footnotes":""},"categories":[9],"tags":[],"class_list":["post-14753","post","type-post","status-publish","format-standard","has-post-thumbnail","hentry","category-news"],"_links":{"self":[{"href":"https:\/\/sergegirard.fr\/fr\/wp-json\/wp\/v2\/posts\/14753","targetHints":{"allow":["GET"]}}],"collection":[{"href":"https:\/\/sergegirard.fr\/fr\/wp-json\/wp\/v2\/posts"}],"about":[{"href":"https:\/\/sergegirard.fr\/fr\/wp-json\/wp\/v2\/types\/post"}],"author":[{"embeddable":true,"href":"https:\/\/sergegirard.fr\/fr\/wp-json\/wp\/v2\/users\/1"}],"replies":[{"embeddable":true,"href":"https:\/\/sergegirard.fr\/fr\/wp-json\/wp\/v2\/comments?post=14753"}],"version-history":[{"count":3,"href":"https:\/\/sergegirard.fr\/fr\/wp-json\/wp\/v2\/posts\/14753\/revisions"}],"predecessor-version":[{"id":14787,"href":"https:\/\/sergegirard.fr\/fr\/wp-json\/wp\/v2\/posts\/14753\/revisions\/14787"}],"wp:featuredmedia":[{"embeddable":true,"href":"https:\/\/sergegirard.fr\/fr\/wp-json\/wp\/v2\/media\/14785"}],"wp:attachment":[{"href":"https:\/\/sergegirard.fr\/fr\/wp-json\/wp\/v2\/media?parent=14753"}],"wp:term":[{"taxonomy":"category","embeddable":true,"href":"https:\/\/sergegirard.fr\/fr\/wp-json\/wp\/v2\/categories?post=14753"},{"taxonomy":"post_tag","embeddable":true,"href":"https:\/\/sergegirard.fr\/fr\/wp-json\/wp\/v2\/tags?post=14753"}],"curies":[{"name":"wp","href":"https:\/\/api.w.org\/{rel}","templated":true}]}}