{"id":14741,"date":"2017-02-22T19:00:57","date_gmt":"2017-02-22T18:00:57","guid":{"rendered":"http:\/\/sergegirard.fr\/fr\/?p=14741"},"modified":"2017-02-24T19:10:50","modified_gmt":"2017-02-24T18:10:50","slug":"etape-389-tekirdag","status":"publish","type":"post","link":"https:\/\/sergegirard.fr\/fr\/2017\/02\/22\/etape-389-tekirdag\/","title":{"rendered":"E389: Mercredi 22 F\u00e9vrier \/\/ Tekirda\u011f"},"content":{"rendered":"<p style=\"text-align: justify;\">Il est 6h ce matin lorsque nous survolons le Bosphore et atterrissons \u00e0 l\u2019a\u00e9roport d\u2019<em>Atat\u00fcrk Alavimani<\/em>. Juste le temps de r\u00e9cup\u00e9rer nos bagages et notre v\u00e9hicule de location que nous voil\u00e0 l\u00e2ch\u00e9s dans l\u2019immense et folle zone urbaine d\u2019Istanbul. A l\u2019heure de pointe s\u2019il vous plait. Il y a encore 24 heures il fallait \u00e9viter les babouins qui d\u00e9boulaient \u00e0 l\u2019improviste sur la route, dor\u00e9navant ce sont des tanks militaires. Ces derniers obligent les voitures \u00e0 se rabattre et \u00e0 leur c\u00e9der le passage \u00e0 coup de sir\u00e8nes hurlantes. Pour une premi\u00e8re impression, la cit\u00e9 stambouliote ne respire pas la s\u00e9r\u00e9nit\u00e9.<\/p>\n<p style=\"text-align: justify;\">Deux heures de route plus tard, apr\u00e8s avoir compris quelques sp\u00e9cificit\u00e9s du code de la route version turque (queue de poisson autoris\u00e9e voir conseill\u00e9e, doublement possible par tous les c\u00f4t\u00e9s), nous voil\u00e0 \u00e0 <em>Tekirda\u011f<\/em>. C\u2019est ici dans cette charmante ville bordant la mer de Marmara que le tour du monde va reprendre ses droits. Mais quelle ne fut pas notre surprise en d\u00e9couvrant que cet endroit, aux allures quelconques sur la carte, recensait plus de 200 000 habitants et que ses innombrables habitations agglutin\u00e9es les unes sur les autres se perdaient jusqu\u2019\u00e0 l\u2019horizon. Certes le tumulte d\u2019Istanbul est maintenant derri\u00e8re nous, mais ce genre de ville plus modeste n\u2019est pas en reste. Ici le pi\u00e9ton n\u2019est pas roi, et le klaxon est surement enseign\u00e9 en LV2 \u00e0 l\u2019\u00e9cole. Ses significations sont multiples. Il peut \u00e0 la fois dire bonjour, inviter des gens \u00e0 monter dans le v\u00e9hicule, en r\u00e9primander d\u2019autres et j\u2019en viens m\u00eame \u00e0 me demander si tout simplement les gens ne klaxonnent pas pour le plaisir.<\/p>\n<p style=\"text-align: justify;\">Mais au-del\u00e0 de cette effervescence qui contraste fortement avec la force tranquille des africains, je ne peux m\u2019emp\u00eache de penser aux \u00eeles Fidji. Car tout comme nos amis Fidjien, lorsque les Turques descendent de leur v\u00e9hicule on d\u00e9couvre un peuple \u00e9tonnamment calme et respectueux. Le rep\u00e9rage de cet apr\u00e8s-midi entre p\u00e8re et fils nous aura permis d\u2019arpenter une ville o\u00f9 il fait bon vivre et o\u00f9 l\u2019on peut observer mille et une choses. Les \u00e9choppes, tellement nombreuses qu\u2019il est impossible de les compter, les nombreux chiens et chats errants qui ont investis les rues de la ville, cette ambiance sonore \u00ab\u00a0orientale\u00a0\u00bb tellement clich\u00e9e dans nos esprits mais tellement inh\u00e9rente \u00e0 la vie ici, et surtout ce peuple turc qui semble prendre le temps de vivre.<br \/>\nAutant vous dire que pour une seconde impression, celle-ci est bien meilleure.<\/p>\n<p style=\"text-align: justify;\">Demain derni\u00e8re journ\u00e9e de pr\u00e9paration avant de reprendre notre avanc\u00e9e. Au programme courses, rep\u00e9rage de la premi\u00e8re \u00e9tape et, nous l\u2019esp\u00e9rons, arriv\u00e9e de Bertrand et David avec le 4&#215;4.<\/p>\n","protected":false},"excerpt":{"rendered":"<p>Il est 6h ce matin lorsque nous survolons le Bosphore et atterrissons \u00e0 l\u2019a\u00e9roport d\u2019Atat\u00fcrk Alavimani. Juste le temps de r\u00e9cup\u00e9rer nos bagages et notre v\u00e9hicule de location que nous voil\u00e0 l\u00e2ch\u00e9s dans l\u2019immense et folle zone urbaine d\u2019Istanbul. A l\u2019heure de pointe s\u2019il vous plait. Il y a encore 24 heures il fallait \u00e9viter [&hellip;]<\/p>\n","protected":false},"author":1,"featured_media":14745,"comment_status":"closed","ping_status":"closed","sticky":false,"template":"","format":"standard","meta":{"_et_pb_use_builder":"","_et_pb_old_content":"","_et_gb_content_width":"","ngg_post_thumbnail":0,"footnotes":""},"categories":[9],"tags":[],"class_list":["post-14741","post","type-post","status-publish","format-standard","has-post-thumbnail","hentry","category-news"],"_links":{"self":[{"href":"https:\/\/sergegirard.fr\/fr\/wp-json\/wp\/v2\/posts\/14741","targetHints":{"allow":["GET"]}}],"collection":[{"href":"https:\/\/sergegirard.fr\/fr\/wp-json\/wp\/v2\/posts"}],"about":[{"href":"https:\/\/sergegirard.fr\/fr\/wp-json\/wp\/v2\/types\/post"}],"author":[{"embeddable":true,"href":"https:\/\/sergegirard.fr\/fr\/wp-json\/wp\/v2\/users\/1"}],"replies":[{"embeddable":true,"href":"https:\/\/sergegirard.fr\/fr\/wp-json\/wp\/v2\/comments?post=14741"}],"version-history":[{"count":4,"href":"https:\/\/sergegirard.fr\/fr\/wp-json\/wp\/v2\/posts\/14741\/revisions"}],"predecessor-version":[{"id":14756,"href":"https:\/\/sergegirard.fr\/fr\/wp-json\/wp\/v2\/posts\/14741\/revisions\/14756"}],"wp:featuredmedia":[{"embeddable":true,"href":"https:\/\/sergegirard.fr\/fr\/wp-json\/wp\/v2\/media\/14745"}],"wp:attachment":[{"href":"https:\/\/sergegirard.fr\/fr\/wp-json\/wp\/v2\/media?parent=14741"}],"wp:term":[{"taxonomy":"category","embeddable":true,"href":"https:\/\/sergegirard.fr\/fr\/wp-json\/wp\/v2\/categories?post=14741"},{"taxonomy":"post_tag","embeddable":true,"href":"https:\/\/sergegirard.fr\/fr\/wp-json\/wp\/v2\/tags?post=14741"}],"curies":[{"name":"wp","href":"https:\/\/api.w.org\/{rel}","templated":true}]}}