{"id":14664,"date":"2017-02-19T23:21:42","date_gmt":"2017-02-19T22:21:42","guid":{"rendered":"http:\/\/sergegirard.fr\/fr\/?p=14664"},"modified":"2017-02-20T17:12:15","modified_gmt":"2017-02-20T16:12:15","slug":"e386-dimanche-19-fevrier-walvis-bay-95km-33km","status":"publish","type":"post","link":"https:\/\/sergegirard.fr\/fr\/2017\/02\/19\/e386-dimanche-19-fevrier-walvis-bay-95km-33km\/","title":{"rendered":"E386: Dimanche 19 F\u00e9vrier \/\/ Walvis Bay (-95km \/ -30km)"},"content":{"rendered":"<p>67,16 km &#8211; 11H05&prime;<\/p>\n<p style=\"text-align: justify;\">Aujourd\u2019hui derni\u00e8re \u00e9tape compl\u00e8te avant l\u2019arriv\u00e9e finale de la travers\u00e9e du troisi\u00e8me continent\u00a0: l\u2019Afrique. Ce matin nous sommes oblig\u00e9s de rev\u00eatir des v\u00eatements chauds, malgr\u00e9 les 15\u00b0C nous avons des frissons et le vent vient renforcer cette sensation de fra\u00eecheur. Nous profitons de ce dernier beau lever de soleil que nous offre la Namibie. La lumi\u00e8re du jour nous r\u00e9v\u00e8le un paysage encore in\u00e9dit pour nous. Nous avons sous nos yeux un vrai d\u00e9cor lunaire, on se croirait dans un film de Stanley Kubrick. C\u2019est incroyablement beau. Tous ces beaux paysages, si diff\u00e9rents, nous aurons ravis tous les jours. Durant cette travers\u00e9e Africaine, nous aurons eu la chance de voir une multitude d\u2019animaux de la faune sauvage\u00a0: z\u00e8bres, bubales rouges, koudous, \u00e9meux, babouins, oryx, autruches, girafes, antilopes, springboks, tortues, des oiseaux en tous genres et une v\u00e9g\u00e9tation aux couleurs si vari\u00e9es, presque un r\u00eave \u00e9veill\u00e9, sublime.<\/p>\n<p style=\"text-align: justify;\">Serge et Philippe finissent l\u2019\u00e9tape ensemble, tous deux ont un beau sourire qui ravit tout le monde. Ils auront fait une tr\u00e8s belle travers\u00e9e de la Namibie, leurs suiveurs \u00e9galement.<\/p>\n<p>Donn\u00e9es de la montre Epix :\u00a0<a href=\"https:\/\/connect.garmin.com\/modern\/activity\/embed\/1581544441\" target=\"_blank\">Garmin Connect<\/a><\/p>\n","protected":false},"excerpt":{"rendered":"<p>67,16 km &#8211; 11H05&prime; Aujourd\u2019hui derni\u00e8re \u00e9tape compl\u00e8te avant l\u2019arriv\u00e9e finale de la travers\u00e9e du troisi\u00e8me continent\u00a0: l\u2019Afrique. Ce matin nous sommes oblig\u00e9s de rev\u00eatir des v\u00eatements chauds, malgr\u00e9 les 15\u00b0C nous avons des frissons et le vent vient renforcer cette sensation de fra\u00eecheur. Nous profitons de ce dernier beau lever de soleil que nous [&hellip;]<\/p>\n","protected":false},"author":1,"featured_media":14693,"comment_status":"closed","ping_status":"closed","sticky":false,"template":"","format":"standard","meta":{"_et_pb_use_builder":"","_et_pb_old_content":"","_et_gb_content_width":"","ngg_post_thumbnail":0,"footnotes":""},"categories":[9],"tags":[],"class_list":["post-14664","post","type-post","status-publish","format-standard","has-post-thumbnail","hentry","category-news"],"_links":{"self":[{"href":"https:\/\/sergegirard.fr\/fr\/wp-json\/wp\/v2\/posts\/14664","targetHints":{"allow":["GET"]}}],"collection":[{"href":"https:\/\/sergegirard.fr\/fr\/wp-json\/wp\/v2\/posts"}],"about":[{"href":"https:\/\/sergegirard.fr\/fr\/wp-json\/wp\/v2\/types\/post"}],"author":[{"embeddable":true,"href":"https:\/\/sergegirard.fr\/fr\/wp-json\/wp\/v2\/users\/1"}],"replies":[{"embeddable":true,"href":"https:\/\/sergegirard.fr\/fr\/wp-json\/wp\/v2\/comments?post=14664"}],"version-history":[{"count":3,"href":"https:\/\/sergegirard.fr\/fr\/wp-json\/wp\/v2\/posts\/14664\/revisions"}],"predecessor-version":[{"id":14734,"href":"https:\/\/sergegirard.fr\/fr\/wp-json\/wp\/v2\/posts\/14664\/revisions\/14734"}],"wp:featuredmedia":[{"embeddable":true,"href":"https:\/\/sergegirard.fr\/fr\/wp-json\/wp\/v2\/media\/14693"}],"wp:attachment":[{"href":"https:\/\/sergegirard.fr\/fr\/wp-json\/wp\/v2\/media?parent=14664"}],"wp:term":[{"taxonomy":"category","embeddable":true,"href":"https:\/\/sergegirard.fr\/fr\/wp-json\/wp\/v2\/categories?post=14664"},{"taxonomy":"post_tag","embeddable":true,"href":"https:\/\/sergegirard.fr\/fr\/wp-json\/wp\/v2\/tags?post=14664"}],"curies":[{"name":"wp","href":"https:\/\/api.w.org\/{rel}","templated":true}]}}