{"id":14480,"date":"2017-02-16T20:18:21","date_gmt":"2017-02-16T19:18:21","guid":{"rendered":"http:\/\/sergegirard.fr\/fr\/?p=14480"},"modified":"2017-02-20T15:42:26","modified_gmt":"2017-02-20T14:42:26","slug":"e383-jeudi-16-fevrier-sesriem-11km-solitaire-6km","status":"publish","type":"post","link":"https:\/\/sergegirard.fr\/fr\/2017\/02\/16\/e383-jeudi-16-fevrier-sesriem-11km-solitaire-6km\/","title":{"rendered":"E383: Jeudi 16 F\u00e9vrier \/\/ Sesriem (+11km) &#8211; Solitaire (+ 6km)"},"content":{"rendered":"<p>67,1 km &#8211; 10h40&prime;<\/p>\n<p style=\"text-align: justify;\">Apr\u00e8s une courte nuit aux portes des dunes de Sesriem, nous prenons le chemin du d\u00e9part. Le ciel a \u00e9t\u00e9 comme \u00e0 son habitude remplit d\u2019\u00e9toiles. La pollution lumineuse \u00e9tant absente, nous avons pu profiter pleinement de ce spectacle.<\/p>\n<p style=\"text-align: justify;\">Au quinzi\u00e8me km nous avons \u00e0 nouveau la chance d\u2019admirer un troupeau de girafes qui est \u00e0 une centaine de m\u00e8tres de nous. Elles ne sont pas effray\u00e9es par l\u2019arriv\u00e9e de nos 4X4. Elles sont majestueuses, le d\u00e9cor est parfait. Ce qui est incroyable c\u2019est que les girafes apparaissent et disparaissent dans le paysage d\u2019une mani\u00e8re \u00e9tonnante. Nous faisons des prises de vues avec Serge et des photos pour en garder un souvenir m\u00e9morable. Nos yeux captent et enregistrent tous ces moments magiques.<\/p>\n<p style=\"text-align: justify;\">Aux trente-cinqui\u00e8me km, un couple d\u2019allemands nous double pour revenir quelques minutes plus tard et nous demander qui est la personne qu\u2019ils ont vu courir au milieu de ce d\u00e9sert et pourquoi elle court. Carola et Andreas sont originaires de Dresde. Nous leur expliquons ce que fait Serge, s\u2019ensuivent des prises de photos, et des encouragements pour la suite de la journ\u00e9e. Merci \u00e0 eux.<\/p>\n<p style=\"text-align: justify;\">Depuis maintenant plusieurs jours, la fin d\u2019apr\u00e8s-midi se finit avec un vent fort mais tr\u00e8s chaud. La temp\u00e9rature quant \u00e0 elle oscille entre 35\u00b0C et 40\u00b0C.<\/p>\n<p>Donn\u00e9es de la montre Epix:\u00a0<a href=\"https:\/\/connect.garmin.com\/modern\/activity\/embed\/1581559886\" target=\"_blank\">Garmin Connect<\/a><\/p>\n","protected":false},"excerpt":{"rendered":"<p>67,1 km &#8211; 10h40&prime; Apr\u00e8s une courte nuit aux portes des dunes de Sesriem, nous prenons le chemin du d\u00e9part. Le ciel a \u00e9t\u00e9 comme \u00e0 son habitude remplit d\u2019\u00e9toiles. La pollution lumineuse \u00e9tant absente, nous avons pu profiter pleinement de ce spectacle. Au quinzi\u00e8me km nous avons \u00e0 nouveau la chance d\u2019admirer un troupeau [&hellip;]<\/p>\n","protected":false},"author":1,"featured_media":14499,"comment_status":"closed","ping_status":"closed","sticky":false,"template":"","format":"standard","meta":{"_et_pb_use_builder":"","_et_pb_old_content":"","_et_gb_content_width":"","ngg_post_thumbnail":0,"footnotes":""},"categories":[9],"tags":[],"class_list":["post-14480","post","type-post","status-publish","format-standard","has-post-thumbnail","hentry","category-news"],"_links":{"self":[{"href":"https:\/\/sergegirard.fr\/fr\/wp-json\/wp\/v2\/posts\/14480","targetHints":{"allow":["GET"]}}],"collection":[{"href":"https:\/\/sergegirard.fr\/fr\/wp-json\/wp\/v2\/posts"}],"about":[{"href":"https:\/\/sergegirard.fr\/fr\/wp-json\/wp\/v2\/types\/post"}],"author":[{"embeddable":true,"href":"https:\/\/sergegirard.fr\/fr\/wp-json\/wp\/v2\/users\/1"}],"replies":[{"embeddable":true,"href":"https:\/\/sergegirard.fr\/fr\/wp-json\/wp\/v2\/comments?post=14480"}],"version-history":[{"count":3,"href":"https:\/\/sergegirard.fr\/fr\/wp-json\/wp\/v2\/posts\/14480\/revisions"}],"predecessor-version":[{"id":14690,"href":"https:\/\/sergegirard.fr\/fr\/wp-json\/wp\/v2\/posts\/14480\/revisions\/14690"}],"wp:featuredmedia":[{"embeddable":true,"href":"https:\/\/sergegirard.fr\/fr\/wp-json\/wp\/v2\/media\/14499"}],"wp:attachment":[{"href":"https:\/\/sergegirard.fr\/fr\/wp-json\/wp\/v2\/media?parent=14480"}],"wp:term":[{"taxonomy":"category","embeddable":true,"href":"https:\/\/sergegirard.fr\/fr\/wp-json\/wp\/v2\/categories?post=14480"},{"taxonomy":"post_tag","embeddable":true,"href":"https:\/\/sergegirard.fr\/fr\/wp-json\/wp\/v2\/tags?post=14480"}],"curies":[{"name":"wp","href":"https:\/\/api.w.org\/{rel}","templated":true}]}}