{"id":14301,"date":"2017-02-14T20:23:00","date_gmt":"2017-02-14T19:23:00","guid":{"rendered":"http:\/\/sergegirard.fr\/fr\/?p=14301"},"modified":"2017-02-16T20:38:50","modified_gmt":"2017-02-16T19:38:50","slug":"e381-mardi-14-fevrier-maltahohe-35km-quelque-part-sur-la-piste","status":"publish","type":"post","link":"https:\/\/sergegirard.fr\/fr\/2017\/02\/14\/e381-mardi-14-fevrier-maltahohe-35km-quelque-part-sur-la-piste\/","title":{"rendered":"E381: Mardi 14 F\u00e9vrier \/\/ Maltah\u00f6he (+35km) &#8211; Quelque part sur la piste"},"content":{"rendered":"<p>66,30km &#8211; 10h52&prime;<\/p>\n<p>23 000 km en 380J04H20&prime;<\/p>\n<p>Il reste 3240km \u00e0 parcourir pour terminer ce Tour du Monde en courant<\/p>\n<p>Quelle chance de d\u00e9marrer une journ\u00e9e quand le soleil se l\u00e8ve et offre \u00e0 nos yeux des couleurs sublimes dans un d\u00e9cor de r\u00eave. Nous nous trouvons dans le d\u00e9sert du Namib.<\/p>\n<p>Nos deux coureurs en profitent pleinement. Philippe stocke des milliers d\u2019images dans sa t\u00eate, il a un sourire d\u2019enfant dans ce paysage grandiose.<\/p>\n<p>Encore quelques km de piste sur le plateau que nous traversons, ensuite un nouvel horizon se d\u00e9voile devant nos yeux \u00e9merveill\u00e9s. Nous entrons dans un massif montagneux, qui se trouve au c\u0153ur du Zarishoogte. On se croirait presque aux USA tellement les d\u00e9cors se ressemblent. Nous croisons une voiture sur le bord de la route, deux couples qui sont en train de changer un pneu en raison d\u2019une crevaison, ce n\u2019est pas toujours simple de changer une roue d\u2019un 4X4 surtout en bord de piste poussi\u00e9reuse. Etonnamment nous voyons une multitude de camping-car, l\u00e0 o\u00f9 les routes sont plus appropri\u00e9es \u00e0 des 4X4.<\/p>\n<p>La fin de journ\u00e9e se termine avec des sourires aux l\u00e8vres. Serge franchit ce jour la barre des 23 000 km depuis le d\u00e9part de son tour du monde.<\/p>\n<p>Ce soir nous campons \u00e0 nouveau, les tentes que nous d\u00e9plions du toit de nos voitures nous ferons passer une agr\u00e9able nuit sous une magnifique voie lact\u00e9e qui nous bercera jusqu\u2019au petit matin.<\/p>\n<p>Donn\u00e9es de la montre Epix: <a href=\"https:\/\/connect.garmin.com\/modern\/activity\/embed\/1574807536\" target=\"_blank\">Garmin Connect<\/a><\/p>\n","protected":false},"excerpt":{"rendered":"<p>66,30km &#8211; 10h52&prime; 23 000 km en 380J04H20&prime; Il reste 3240km \u00e0 parcourir pour terminer ce Tour du Monde en courant Quelle chance de d\u00e9marrer une journ\u00e9e quand le soleil se l\u00e8ve et offre \u00e0 nos yeux des couleurs sublimes dans un d\u00e9cor de r\u00eave. Nous nous trouvons dans le d\u00e9sert du Namib. Nos deux [&hellip;]<\/p>\n","protected":false},"author":1,"featured_media":14429,"comment_status":"closed","ping_status":"closed","sticky":false,"template":"","format":"standard","meta":{"_et_pb_use_builder":"","_et_pb_old_content":"","_et_gb_content_width":"","ngg_post_thumbnail":0,"footnotes":""},"categories":[9],"tags":[],"class_list":["post-14301","post","type-post","status-publish","format-standard","has-post-thumbnail","hentry","category-news"],"_links":{"self":[{"href":"https:\/\/sergegirard.fr\/fr\/wp-json\/wp\/v2\/posts\/14301","targetHints":{"allow":["GET"]}}],"collection":[{"href":"https:\/\/sergegirard.fr\/fr\/wp-json\/wp\/v2\/posts"}],"about":[{"href":"https:\/\/sergegirard.fr\/fr\/wp-json\/wp\/v2\/types\/post"}],"author":[{"embeddable":true,"href":"https:\/\/sergegirard.fr\/fr\/wp-json\/wp\/v2\/users\/1"}],"replies":[{"embeddable":true,"href":"https:\/\/sergegirard.fr\/fr\/wp-json\/wp\/v2\/comments?post=14301"}],"version-history":[{"count":3,"href":"https:\/\/sergegirard.fr\/fr\/wp-json\/wp\/v2\/posts\/14301\/revisions"}],"predecessor-version":[{"id":14501,"href":"https:\/\/sergegirard.fr\/fr\/wp-json\/wp\/v2\/posts\/14301\/revisions\/14501"}],"wp:featuredmedia":[{"embeddable":true,"href":"https:\/\/sergegirard.fr\/fr\/wp-json\/wp\/v2\/media\/14429"}],"wp:attachment":[{"href":"https:\/\/sergegirard.fr\/fr\/wp-json\/wp\/v2\/media?parent=14301"}],"wp:term":[{"taxonomy":"category","embeddable":true,"href":"https:\/\/sergegirard.fr\/fr\/wp-json\/wp\/v2\/categories?post=14301"},{"taxonomy":"post_tag","embeddable":true,"href":"https:\/\/sergegirard.fr\/fr\/wp-json\/wp\/v2\/tags?post=14301"}],"curies":[{"name":"wp","href":"https:\/\/api.w.org\/{rel}","templated":true}]}}