{"id":14123,"date":"2017-02-13T20:04:27","date_gmt":"2017-02-13T19:04:27","guid":{"rendered":"http:\/\/sergegirard.fr\/fr\/?p=14123"},"modified":"2017-02-15T20:33:44","modified_gmt":"2017-02-15T19:33:44","slug":"e380-lundi-13-fevrier-maltahohe-31km-maltahohe","status":"publish","type":"post","link":"https:\/\/sergegirard.fr\/fr\/2017\/02\/13\/e380-lundi-13-fevrier-maltahohe-31km-maltahohe\/","title":{"rendered":"E380: Lundi 13 F\u00e9vrier \/\/ Maltah\u00f6he (-31km) &#8211; Maltah\u00f6he (+35km)"},"content":{"rendered":"<p>66,55 km &#8211; 11h03&prime;<\/p>\n<p style=\"text-align: justify;\"><span id=\"spans1e0\" onclick=\"showMenu(this);\" tooltip=\"&lt;b&gt; &lt;\/b&gt; &lt;b&gt;Comme&lt;\/b&gt; : Apr\u00e8s un deux-points, la capitale est inhabituelle.\" onmouseover=\"showtooltip(this,300);\" onmouseout=\"hideddrivetip();\">Comme<\/span> presque tous les jours, le d\u00e9part se fait de nuit, Serge allume la balise satellite et les deux montres Garmin \u00e0 la lueur des phares.<br \/>\nPhilippe et Serge d\u00e9marrent en marchant, et apr\u00e8s quelques kilom\u00e8tres seulement, la course \u00e0 pied commence.<br \/>\nUne des derni\u00e8res longues lignes droites de macadam va nous accompagner toute la matin\u00e9e jusqu&rsquo;\u00e0 <span id=\"spans2e0\" tooltip=\"&lt;b&gt;Maltahoh\u00e9&lt;\/b&gt; : mot inconnu de nos dictionnaires, il pourrait \u00eatre remplac\u00e9 par: &lt;b&gt;Malt\u00f4te&lt;\/b&gt;.\" onmouseover=\"showtooltip(this,300);\" onmouseout=\"hideddrivetip();\" class=\"msac\" onclick=\"showMenu(this);\">Maltahoh\u00e9<\/span>, s\u2019encha\u00eenent des mont\u00e9es et descentes sur plusieurs dizaines de km. Ensuite les lignes droites de \u00ab gravel road \u00bb vont <span id=\"spans3e0\" tooltip=\"&lt;b&gt;prendrent&lt;\/b&gt; : mot inconnu de nos dictionnaires automatiquement remplac\u00e9 par &lt;b&gt;prendre&lt;\/b&gt;.\" onmouseover=\"showtooltip(this,300);\" onmouseout=\"hideddrivetip();\" class=\"sac\" onclick=\"showMenu(this);\">prendre<\/span> le relais pendant plusieurs jours, et la\u00a0circulation automobile sera quasi nulle. Par contre la poussi\u00e8re sera de retour. Depuis 2 \u00e0 3 jours, Philippe devance \u00a0r\u00e9guli\u00e8rement Serge. Les difficult\u00e9s des premiers jours se sont \u00e9vapor\u00e9es, il faut dire que la chaleur est un soup\u00e7on moins importante.<\/p>\n<p style=\"text-align: justify;\">En d\u00e9but d\u2019apr\u00e8s-midi nous prenons la route en direction de Solitaire, route qui va nous amener vers notre destination finale Africaine, Walvis Bay, sur la c\u00f4te de l&rsquo;Oc\u00e9an Atlantique Sud.<\/p>\n<p style=\"text-align: justify;\">Nous apercevons quelques vaches, elles ne nous paraissent pas bien <span id=\"spans5e0\" onclick=\"showMenu(this);\" tooltip=\"Le sujet pluriel &lt;b&gt;elles&lt;\/b&gt; avait l'attribut singulier &lt;b&gt;grosse&lt;\/b&gt;.\" onmouseover=\"showtooltip(this,300);\" onmouseout=\"hideddrivetip();\">grosses<\/span>, la v\u00e9g\u00e9tation est rare \u00a0et cette tr\u00e8s forte chaleur du d\u00e9sert du Namib ne doivent pas aider \u00e0 les engraisser.<\/p>\n<p style=\"text-align: justify;\">Ce soir nous dormons deux nuits dans un lodge de la ville de <span id=\"spans6e0\" tooltip=\"&lt;b&gt;Maltahoh\u00e9&lt;\/b&gt; : mot inconnu de nos dictionnaires, il pourrait \u00eatre remplac\u00e9 par: &lt;b&gt;Malt\u00f4te&lt;\/b&gt;.\" onmouseover=\"showtooltip(this,300);\" onmouseout=\"hideddrivetip();\" class=\"msac\" onclick=\"showMenu(this);\">Maltahoh\u00e9<\/span> que nous traversons durant la journ\u00e9e.<br \/>\nSerge suite \u00e0 quelques douleurs dans le dos, court pench\u00e9, mais cela ne change en rien sa course quotidienne. L\u2019\u00e9tape se <span id=\"spans7e0\" onclick=\"showMenu(this);\" tooltip=\"La forme verbale &lt;b&gt;finie&lt;\/b&gt; devrait \u00eatre remplac\u00e9e par la forme verbale &lt;b&gt;finit&lt;\/b&gt;.\" onmouseover=\"showtooltip(this,300);\" onmouseout=\"hideddrivetip();\">finit<\/span> comme elle a commenc\u00e9, sous une belle m\u00e9t\u00e9o.<\/p>\n<p>Donn\u00e9es de la montre Epix: <a href=\"https:\/\/connect.garmin.com\/modern\/activity\/embed\/1571815152\" target=\"_blank\">Garmin Connect<\/a><\/p>\n","protected":false},"excerpt":{"rendered":"<p>66,55 km &#8211; 11h03&prime; Comme presque tous les jours, le d\u00e9part se fait de nuit, Serge allume la balise satellite et les deux montres Garmin \u00e0 la lueur des phares. Philippe et Serge d\u00e9marrent en marchant, et apr\u00e8s quelques kilom\u00e8tres seulement, la course \u00e0 pied commence. Une des derni\u00e8res longues lignes droites de macadam va [&hellip;]<\/p>\n","protected":false},"author":1,"featured_media":14350,"comment_status":"closed","ping_status":"closed","sticky":false,"template":"","format":"standard","meta":{"_et_pb_use_builder":"","_et_pb_old_content":"","_et_gb_content_width":"","ngg_post_thumbnail":0,"footnotes":""},"categories":[9],"tags":[],"class_list":["post-14123","post","type-post","status-publish","format-standard","has-post-thumbnail","hentry","category-news"],"_links":{"self":[{"href":"https:\/\/sergegirard.fr\/fr\/wp-json\/wp\/v2\/posts\/14123","targetHints":{"allow":["GET"]}}],"collection":[{"href":"https:\/\/sergegirard.fr\/fr\/wp-json\/wp\/v2\/posts"}],"about":[{"href":"https:\/\/sergegirard.fr\/fr\/wp-json\/wp\/v2\/types\/post"}],"author":[{"embeddable":true,"href":"https:\/\/sergegirard.fr\/fr\/wp-json\/wp\/v2\/users\/1"}],"replies":[{"embeddable":true,"href":"https:\/\/sergegirard.fr\/fr\/wp-json\/wp\/v2\/comments?post=14123"}],"version-history":[{"count":3,"href":"https:\/\/sergegirard.fr\/fr\/wp-json\/wp\/v2\/posts\/14123\/revisions"}],"predecessor-version":[{"id":14354,"href":"https:\/\/sergegirard.fr\/fr\/wp-json\/wp\/v2\/posts\/14123\/revisions\/14354"}],"wp:featuredmedia":[{"embeddable":true,"href":"https:\/\/sergegirard.fr\/fr\/wp-json\/wp\/v2\/media\/14350"}],"wp:attachment":[{"href":"https:\/\/sergegirard.fr\/fr\/wp-json\/wp\/v2\/media?parent=14123"}],"wp:term":[{"taxonomy":"category","embeddable":true,"href":"https:\/\/sergegirard.fr\/fr\/wp-json\/wp\/v2\/categories?post=14123"},{"taxonomy":"post_tag","embeddable":true,"href":"https:\/\/sergegirard.fr\/fr\/wp-json\/wp\/v2\/tags?post=14123"}],"curies":[{"name":"wp","href":"https:\/\/api.w.org\/{rel}","templated":true}]}}