{"id":14118,"date":"2017-02-10T18:00:11","date_gmt":"2017-02-10T17:00:11","guid":{"rendered":"http:\/\/sergegirard.fr\/fr\/?p=14118"},"modified":"2017-02-15T20:35:44","modified_gmt":"2017-02-15T19:35:44","slug":"e377-vendredi-10-fevrier-keetmanshoop-46km-asab-15km","status":"publish","type":"post","link":"https:\/\/sergegirard.fr\/fr\/2017\/02\/10\/e377-vendredi-10-fevrier-keetmanshoop-46km-asab-15km\/","title":{"rendered":"E377: Vendredi 10 F\u00e9vrier \/\/ Keetmanshoop (+46km) &#8211; Asab (-15km)"},"content":{"rendered":"<p>66,54km &#8211; 10h24&prime;<\/p>\n<p style=\"text-align: justify;\">Les jours se suivent et se ressemblent. Une ligne droite interminable, un ciel bleu le matin, le vent se l\u00e8ve peu \u00e0 peu pour \u00eatre \u00e0 son apog\u00e9e vers 11h, ensuite les cumulus (nos moutons) apparaissent pour nous quitter en d\u00e9but de soir\u00e9e, avec leur ami le vent. Serge aura pass\u00e9 une belle journ\u00e9e sur la route, avec peu de circulation.<\/p>\n<p style=\"text-align: justify;\">En fin de matin\u00e9e, nous nous arr\u00eatons pour faire le plein de glace dans la petite commune de Tses. \u00c0 l\u2019entr\u00e9e du village nous y voyons pleins de maisons en t\u00f4les ondul\u00e9s. La pr\u00e9carit\u00e9 est bien pr\u00e9sente. Ensuite des maisons en dur prennent le relais. Il y a une caserne de pompiers, la Police et quelques commerces. Un groupe de jeunes demoiselles nous croisent et nous font un signe de la main. Elles ont le m\u00eame uniforme scolaire.<\/p>\n<p style=\"text-align: justify;\">Ce soir nous faisons notre premier campement. Nous trouvons un endroit pas trop \u00e9loign\u00e9 de la route que nous avons emprunt\u00e9 toute la journ\u00e9e. Nous nous sommes install\u00e9s sous le seul arbre qu\u2019il y a \u00e0 des kilom\u00e8tres \u00e0 la ronde. A c\u00f4t\u00e9 de nous il y a encore une immense flaque d\u2019eau, reste de l\u2019orage d\u2019hier. Nous sommes \u00e0 moins de 10 m\u00e8tres d\u2019une voie de chemin de fer, un vieux train y passera en nous klaxonnant vers 22H30.<\/p>\n<p style=\"text-align: justify;\">Le volcan Brukkaros que nous voyons toute la journ\u00e9e, est un volcan \u00e9teint. Il s\u2019est form\u00e9 il y a 80 millions d\u2019ann\u00e9es. Il mesure 1586 m\u00e8tres de haut, et son crat\u00e8re 2km de diam\u00e8tre. Brukkaros va nous offrir gr\u00e2ce au soleil couchant un somptueux spectacle. Des couleurs allant du jaune, \u00e0 l\u2019orange jusqu\u2019au rouge. Un vrai cadeau pour les yeux, merci dame nature.<\/p>\n<p style=\"text-align: justify;\">Au menu ce soir, de fabuleuses bo\u00eetes de conserves\u00a0: des haricots, des boulettes de viande et de la mac\u00e9doine de l\u00e9gume, le tout pr\u00e9par\u00e9 par notre cuisinier David. Serge aura m\u00eame droit en dessert \u00e0 une mousse au chocolat. Nous d\u00e9plions nos tentes et nous nous am\u00e9nageons un petit confort pour la nuit qui sera agr\u00e9able avec une moyenne de 25\u00b0C. Les moustiques sont au rendez-vous, les bougres, ils ne nous quitteront qu\u2019\u00e0 l\u2019aube en ayant accompli leur travail : avoir fait quelques dizaines de piq\u00fbres \u00e0 notre \u00e9quipe.<\/p>\n<p style=\"text-align: justify;\">Bonne nuit.<\/p>\n<p>Donn\u00e9es de la montre Epix: <a href=\"https:\/\/connect.garmin.com\/modern\/activity\/embed\/1566774423\" target=\"_blank\">Garmin Connect<\/a><\/p>\n","protected":false},"excerpt":{"rendered":"<p>66,54km &#8211; 10h24&prime; Les jours se suivent et se ressemblent. Une ligne droite interminable, un ciel bleu le matin, le vent se l\u00e8ve peu \u00e0 peu pour \u00eatre \u00e0 son apog\u00e9e vers 11h, ensuite les cumulus (nos moutons) apparaissent pour nous quitter en d\u00e9but de soir\u00e9e, avec leur ami le vent. Serge aura pass\u00e9 une [&hellip;]<\/p>\n","protected":false},"author":1,"featured_media":14198,"comment_status":"closed","ping_status":"closed","sticky":false,"template":"","format":"standard","meta":{"_et_pb_use_builder":"","_et_pb_old_content":"","_et_gb_content_width":"","ngg_post_thumbnail":0,"footnotes":""},"categories":[9],"tags":[],"class_list":["post-14118","post","type-post","status-publish","format-standard","has-post-thumbnail","hentry","category-news"],"_links":{"self":[{"href":"https:\/\/sergegirard.fr\/fr\/wp-json\/wp\/v2\/posts\/14118","targetHints":{"allow":["GET"]}}],"collection":[{"href":"https:\/\/sergegirard.fr\/fr\/wp-json\/wp\/v2\/posts"}],"about":[{"href":"https:\/\/sergegirard.fr\/fr\/wp-json\/wp\/v2\/types\/post"}],"author":[{"embeddable":true,"href":"https:\/\/sergegirard.fr\/fr\/wp-json\/wp\/v2\/users\/1"}],"replies":[{"embeddable":true,"href":"https:\/\/sergegirard.fr\/fr\/wp-json\/wp\/v2\/comments?post=14118"}],"version-history":[{"count":3,"href":"https:\/\/sergegirard.fr\/fr\/wp-json\/wp\/v2\/posts\/14118\/revisions"}],"predecessor-version":[{"id":14356,"href":"https:\/\/sergegirard.fr\/fr\/wp-json\/wp\/v2\/posts\/14118\/revisions\/14356"}],"wp:featuredmedia":[{"embeddable":true,"href":"https:\/\/sergegirard.fr\/fr\/wp-json\/wp\/v2\/media\/14198"}],"wp:attachment":[{"href":"https:\/\/sergegirard.fr\/fr\/wp-json\/wp\/v2\/media?parent=14118"}],"wp:term":[{"taxonomy":"category","embeddable":true,"href":"https:\/\/sergegirard.fr\/fr\/wp-json\/wp\/v2\/categories?post=14118"},{"taxonomy":"post_tag","embeddable":true,"href":"https:\/\/sergegirard.fr\/fr\/wp-json\/wp\/v2\/tags?post=14118"}],"curies":[{"name":"wp","href":"https:\/\/api.w.org\/{rel}","templated":true}]}}