{"id":14055,"date":"2017-02-08T20:50:14","date_gmt":"2017-02-08T19:50:14","guid":{"rendered":"http:\/\/sergegirard.fr\/fr\/?p=14055"},"modified":"2017-02-09T12:53:00","modified_gmt":"2017-02-09T11:53:00","slug":"e375-mercredi-8-fevrier-graussaub-21km-keetmanshoop-20km","status":"publish","type":"post","link":"https:\/\/sergegirard.fr\/fr\/2017\/02\/08\/e375-mercredi-8-fevrier-graussaub-21km-keetmanshoop-20km\/","title":{"rendered":"E375: Mercredi 8 F\u00e9vrier \/\/ GraussAub (+21km) &#8211; Keetmanshoop (-20km)"},"content":{"rendered":"<p>66,58km &#8211; 10h40&prime;<\/p>\n<p style=\"text-align: justify;\">Ce matin le d\u00e9part a lieu de nuit, Serge part sans lampe frontale et commence les premiers km de piste dans l\u2019obscurit\u00e9. Seules les \u00e9toiles le guident ainsi que quelques \u00e9clairs pour cette premi\u00e8re heure. Le vent le pousse doucement, le taux d\u2019humidit\u00e9 dans l\u2019air et particuli\u00e8rement \u00e9lev\u00e9. Il y a de l\u2019orage dans l\u2019air, nous apercevons des \u00e9clairs de chaleur, mais nous \u00e9vitons la pluie. Celle-ci est d\u00e9j\u00e0 tomb\u00e9 cette nuit sur la piste que nous allons emprunter. Le soleil arrive assez vite, et nous qui pensions ne pas avoir \u00e0 utiliser la glace et l&rsquo;eau glac\u00e9e pour refroidir Serge, reprenons nos habitudes: glace et bandana mouill\u00e9 \u00e0 chaque ravitaillement.<\/p>\n<p style=\"text-align: justify;\">Le d\u00e9sert s\u2019\u00e9tend sur plus de 1\u00a0500\u00a0km le long d\u2019une bande c\u00f4ti\u00e8re nord-sud large de 80 \u00e0 160\u00a0km qui longe l\u2019oc\u00e9an Atlantique. \u00c0 l\u2019est, une zone de transition semi-aride est bord\u00e9e par un plateau montagneux. Au sud, le d\u00e9sert du Namib se fond progressivement avec le d\u00e9sert du Kalahari.<\/p>\n<p style=\"text-align: justify;\">\u00c0 cause de l\u2019absence d\u2019eaux de surface permanente, l\u2019humidit\u00e9 apport\u00e9e par les brouillards marins joue un r\u00f4le vital pour les organismes vivant dans ce d\u00e9sert. L\u2019esp\u00e8ce v\u00e9g\u00e9tale la plus remarquable est la Welwitschia mirabilis qui est end\u00e9mique au d\u00e9sert du Namib et au Kakoland voisin. Cette plante rare ne poss\u00e8de que deux tr\u00e8s longues feuilles et peut vivre jusqu\u2019\u00e0 2\u00a0500\u00a0ans. D\u2019autres esp\u00e8ces typiques sont le nara, un melon rond \u00e9pineux, le dollar-bush, un arbuste qui doit son nom \u00e0 ses feuilles rondes de la taille d\u2019une pi\u00e8ce d\u2019un dollar et l\u2019arbre-carquois. D\u2019une mani\u00e8re g\u00e9n\u00e9rale, la v\u00e9g\u00e9tation est extr\u00eamement rare dans le milieu dunaire du Namib m\u00e9ridional.nt<\/p>\n<p style=\"text-align: justify;\">De nombreux reptiles (l\u00e9zards, geckos) et petits rongeurs (gerbilles, taupes\u2026), dont certains end\u00e9miques, y vivent. Les grands mammif\u00e8res sont rares, les seules esp\u00e8ces adapt\u00e9es \u00e0 cet environnement tr\u00e8s rude \u00e9tant l\u2019Oryx gazelle ou gemsbok et dans une moindre mesure le springbok, y survivent notamment quelques groupes d&rsquo;\u00e9l\u00e9phants du d\u00e9sert. Il existe aussi une petite communaut\u00e9 d&rsquo;environ 50 familles de chevaux sauvages qui vivent dans un secteur de 40\u00a0000 hectares du d\u00e9sert et qui survivent depuis une centaine d&rsquo;ann\u00e9es gr\u00e2ce \u00e0 un puits d\u2019eau install\u00e9 pour ravitailler les trains durant l\u2019\u00e9poque de la colonie. Parmi les pr\u00e9dateurs, on trouve les hy\u00e8nes, des lions ainsi que des renards. La faune aviaire est assez limit\u00e9e et se concentre sur la bande c\u00f4ti\u00e8re.<\/p>\n<p style=\"text-align: justify;\">Serge a retrouv\u00e9 la forme et cela fait plaisir \u00e0 voir.<\/p>\n<p>Donn\u00e9es de la montre Epix: <a href=\"https:\/\/connect.garmin.com\/modern\/activity\/embed\/1563954647\" target=\"_blank\">Garmin Connect<\/a><\/p>\n","protected":false},"excerpt":{"rendered":"<p>66,58km &#8211; 10h40&prime; Ce matin le d\u00e9part a lieu de nuit, Serge part sans lampe frontale et commence les premiers km de piste dans l\u2019obscurit\u00e9. Seules les \u00e9toiles le guident ainsi que quelques \u00e9clairs pour cette premi\u00e8re heure. Le vent le pousse doucement, le taux d\u2019humidit\u00e9 dans l\u2019air et particuli\u00e8rement \u00e9lev\u00e9. Il y a de [&hellip;]<\/p>\n","protected":false},"author":1,"featured_media":14078,"comment_status":"closed","ping_status":"closed","sticky":false,"template":"","format":"standard","meta":{"_et_pb_use_builder":"","_et_pb_old_content":"","_et_gb_content_width":"","ngg_post_thumbnail":0,"footnotes":""},"categories":[9],"tags":[],"class_list":["post-14055","post","type-post","status-publish","format-standard","has-post-thumbnail","hentry","category-news"],"_links":{"self":[{"href":"https:\/\/sergegirard.fr\/fr\/wp-json\/wp\/v2\/posts\/14055","targetHints":{"allow":["GET"]}}],"collection":[{"href":"https:\/\/sergegirard.fr\/fr\/wp-json\/wp\/v2\/posts"}],"about":[{"href":"https:\/\/sergegirard.fr\/fr\/wp-json\/wp\/v2\/types\/post"}],"author":[{"embeddable":true,"href":"https:\/\/sergegirard.fr\/fr\/wp-json\/wp\/v2\/users\/1"}],"replies":[{"embeddable":true,"href":"https:\/\/sergegirard.fr\/fr\/wp-json\/wp\/v2\/comments?post=14055"}],"version-history":[{"count":3,"href":"https:\/\/sergegirard.fr\/fr\/wp-json\/wp\/v2\/posts\/14055\/revisions"}],"predecessor-version":[{"id":14081,"href":"https:\/\/sergegirard.fr\/fr\/wp-json\/wp\/v2\/posts\/14055\/revisions\/14081"}],"wp:featuredmedia":[{"embeddable":true,"href":"https:\/\/sergegirard.fr\/fr\/wp-json\/wp\/v2\/media\/14078"}],"wp:attachment":[{"href":"https:\/\/sergegirard.fr\/fr\/wp-json\/wp\/v2\/media?parent=14055"}],"wp:term":[{"taxonomy":"category","embeddable":true,"href":"https:\/\/sergegirard.fr\/fr\/wp-json\/wp\/v2\/categories?post=14055"},{"taxonomy":"post_tag","embeddable":true,"href":"https:\/\/sergegirard.fr\/fr\/wp-json\/wp\/v2\/tags?post=14055"}],"curies":[{"name":"wp","href":"https:\/\/api.w.org\/{rel}","templated":true}]}}