{"id":13786,"date":"2017-01-31T21:08:39","date_gmt":"2017-01-31T20:08:39","guid":{"rendered":"http:\/\/sergegirard.fr\/fr\/?p=13786"},"modified":"2017-01-31T21:12:34","modified_gmt":"2017-01-31T20:12:34","slug":"e367-mardi-31-janvier-kuruman-23km-hotazel-25km","status":"publish","type":"post","link":"https:\/\/sergegirard.fr\/fr\/2017\/01\/31\/e367-mardi-31-janvier-kuruman-23km-hotazel-25km\/","title":{"rendered":"E367: Mardi 31 Janvier \/\/ Kuruman (+23km) &#8211; Hotazel (+25km)"},"content":{"rendered":"<p>65,6 km &#8211; 10h05&prime;<\/p>\n<p style=\"text-align: justify;\">Les jours se suivent et se ressemblent. Mais aujourd&rsquo;hui et un jour particulier pour Serge.<\/p>\n<p style=\"text-align: justify;\">Aujourd\u2019hui Serge court depuis un an. Depuis son d\u00e9part sur la place du Trocad\u00e9ro \u00e0 Paris le 31.01.2016 \u00e0 10h21&prime;, o\u00f9 le temps \u00e9tait gris et pluvieux. Aujourd&rsquo;hui \u00e0 11h21&prime;, heure locale, Serge f\u00eate cet anniversaire de course sous un ciel magnifiquement bleu, le soleil nous accompagne, le thermom\u00e8tre affiche plus de 35\u00b0. Serge totalise \u00e0 cet instant 22069 km. Impressionnant. Serge, Bertrand et David brandissent fi\u00e8rement ce panneau. A ce jour tr\u00e8s peu sont ceux qui ont couru autant de km en une ann\u00e9e de course.<\/p>\n<p style=\"text-align: justify;\">On aurait pu brandir le drapeau Bleu, Blanc, Rouge mais \u00e0 l\u2019endroit o\u00f9 nous nous trouvons, le drapeau Sud Africain est de rigueur. Comme tous drapeaux, celui-ci a une histoire.<\/p>\n<p style=\"text-align: justify;\">Le drapeau actuel a \u00e9t\u00e9 instaur\u00e9 le 27 avril 1994 \u00e0 l&rsquo;occasion des premi\u00e8res \u00e9lections multiraciales, regroupant les couleurs des mouvements noirs africains (noir, jaune et vert) avec celles les plus identifi\u00e9es aux diff\u00e9rents embl\u00e8mes des r\u00e9publiques Boers (bleues, rouge et blanc). Sur le drapeau pr\u00e9c\u00e9dent, la couleur orange qui signalait la colonisation n\u00e9erlandaise par les Boers, fut supprim\u00e9e de la composition d\u00e9finitive du drapeau. L\u2019ancien drapeau \u00e9tait contest\u00e9 pour son symbolisme exclusivement li\u00e9 \u00e0 l\u2019histoire Afrikaner et britannique du pays.<\/p>\n<p style=\"text-align: justify;\">Pr\u00e8s de l\u2019arriv\u00e9e une autruche regarde Serge passer, elle est non loin de la route o\u00f9 il y a peu de v\u00e9hicules. En effet en ayant bifurqu\u00e9, apr\u00e8s Hozatel, sur la R31, nous nous retrouvons sur une route secondaire, peu fr\u00e9quent\u00e9e et qui parfois ne sera m\u00eame pas goudronn\u00e9e. Une fin d\u2019\u00e9tape dans le calme et dans un paysage magnifique avec des arbres et arbustes ne d\u00e9passant pas 1,50 m mais o\u00f9 tout reste tr\u00e8s aride.<\/p>\n<p style=\"text-align: justify;\">Ce soir nous dinons \u00e0 Hotazel, la guesthouse qui nous re\u00e7oit est tr\u00e8s conviviale. Chacune des personnes se trouvant dans le restaurant, se salue, se pr\u00e9sentent et souhaitent une bonne soir\u00e9e \u00e0 chacun des convives. Personne ne se conna\u00eet, tout le monde d\u00eene \u00e0 la m\u00eame table et tous discutent ensemble comme s\u2019ils se connaissaient depuis toujours. Et ce sans un t\u00e9l\u00e9phone portable \u00e0 proximit\u00e9.<\/p>\n<p>&nbsp;<\/p>\n<p>Donn\u00e9e de la montre Epix: <a href=\"http:\/\/'https:\/\/connect.garmin.com\/modern\/activity\/embed\/1551482080\" target=\"_blank\">Garmin Connect<\/a><\/p>\n<p>&nbsp;<\/p>\n<p><iframe loading=\"lazy\" width=\"560\" height=\"315\" src=\"https:\/\/www.youtube.com\/embed\/8h-TaJbqQ_Y\" frameborder=\"0\" allowfullscreen=\"allowfullscreen\"><\/iframe><\/p>\n","protected":false},"excerpt":{"rendered":"<p>65,6 km &#8211; 10h05&prime; Les jours se suivent et se ressemblent. Mais aujourd&rsquo;hui et un jour particulier pour Serge. Aujourd\u2019hui Serge court depuis un an. Depuis son d\u00e9part sur la place du Trocad\u00e9ro \u00e0 Paris le 31.01.2016 \u00e0 10h21&prime;, o\u00f9 le temps \u00e9tait gris et pluvieux. Aujourd&rsquo;hui \u00e0 11h21&prime;, heure locale, Serge f\u00eate cet anniversaire [&hellip;]<\/p>\n","protected":false},"author":1,"featured_media":13812,"comment_status":"closed","ping_status":"closed","sticky":false,"template":"","format":"standard","meta":{"_et_pb_use_builder":"","_et_pb_old_content":"","_et_gb_content_width":"","ngg_post_thumbnail":0,"footnotes":""},"categories":[9],"tags":[],"class_list":["post-13786","post","type-post","status-publish","format-standard","has-post-thumbnail","hentry","category-news"],"_links":{"self":[{"href":"https:\/\/sergegirard.fr\/fr\/wp-json\/wp\/v2\/posts\/13786","targetHints":{"allow":["GET"]}}],"collection":[{"href":"https:\/\/sergegirard.fr\/fr\/wp-json\/wp\/v2\/posts"}],"about":[{"href":"https:\/\/sergegirard.fr\/fr\/wp-json\/wp\/v2\/types\/post"}],"author":[{"embeddable":true,"href":"https:\/\/sergegirard.fr\/fr\/wp-json\/wp\/v2\/users\/1"}],"replies":[{"embeddable":true,"href":"https:\/\/sergegirard.fr\/fr\/wp-json\/wp\/v2\/comments?post=13786"}],"version-history":[{"count":3,"href":"https:\/\/sergegirard.fr\/fr\/wp-json\/wp\/v2\/posts\/13786\/revisions"}],"predecessor-version":[{"id":13818,"href":"https:\/\/sergegirard.fr\/fr\/wp-json\/wp\/v2\/posts\/13786\/revisions\/13818"}],"wp:featuredmedia":[{"embeddable":true,"href":"https:\/\/sergegirard.fr\/fr\/wp-json\/wp\/v2\/media\/13812"}],"wp:attachment":[{"href":"https:\/\/sergegirard.fr\/fr\/wp-json\/wp\/v2\/media?parent=13786"}],"wp:term":[{"taxonomy":"category","embeddable":true,"href":"https:\/\/sergegirard.fr\/fr\/wp-json\/wp\/v2\/categories?post=13786"},{"taxonomy":"post_tag","embeddable":true,"href":"https:\/\/sergegirard.fr\/fr\/wp-json\/wp\/v2\/tags?post=13786"}],"curies":[{"name":"wp","href":"https:\/\/api.w.org\/{rel}","templated":true}]}}