{"id":13649,"date":"2017-01-27T19:59:16","date_gmt":"2017-01-27T18:59:16","guid":{"rendered":"http:\/\/sergegirard.fr\/fr\/?p=13649"},"modified":"2017-01-27T19:59:16","modified_gmt":"2017-01-27T18:59:16","slug":"e363-vendredi-27-janvier-schweizer-reneke-7km-wryburg-9km","status":"publish","type":"post","link":"https:\/\/sergegirard.fr\/fr\/2017\/01\/27\/e363-vendredi-27-janvier-schweizer-reneke-7km-wryburg-9km\/","title":{"rendered":"E363: Vendredi 27 Janvier \/\/ Schweizer Reneke (-7KM) &#8211; Vryburg (-9km)"},"content":{"rendered":"<p>65,4 km &#8211; 10h06&prime;<\/p>\n<p style=\"text-align: justify;\">Ce matin la temp\u00e9rature \u00e0 6h00 est de 20\u00b0C mais le ciel est bas et tr\u00e8s nuageux. AU 15<sup>\u00e8me<\/sup> km Serge nous demande lors de son ravitaillement de lui refaire une deuxi\u00e8me portion yaourt-muesli car il a un \u00ab\u00a0coup de mou\u00a0\u00bb, peut-\u00eatre d\u00fb \u00e0 la chaleur de la veille et au vent de face qu\u2019il affronte depuis le d\u00e9part.<\/p>\n<p style=\"text-align: justify;\">La route que nous prenons est identique \u00e0 celle d\u2019hier, une grande ligne droite qui va nous amener \u00e0 Vryburg o\u00f9 nous allons passer deux nuits. La circulation est un peu plus dense que les jours pr\u00e9c\u00e9dents. Derri\u00e8re la plupart des v\u00e9hicules Sud-Africain on peut apercevoir un autocollant avec les lettres ZA. Ces initiales proviennent du n\u00e9erlandais\u00a0:<span>\u00a0<\/span><em>Zuid-Afrika<\/em>. Pourtant, le n\u00e9erlandais n&rsquo;est plus langue officielle depuis<span>\u00a0<\/span>1961, c\u2019est l&rsquo;afrikaans qui la remplace. En afrikaans, le pays est nomm\u00e9<span>\u00a0<\/span><em>Suid-Afrika<\/em>, d\u2019o\u00f9 les initiales SA pour <em>South- Africa<\/em>. Les initiales SA \u00e9tant d\u00e9j\u00e0 attribu\u00e9es \u00e0 l&rsquo;Arabie Saoudite, ce sont les initiales ZA qui sont devenues le code de l&rsquo;Afrique du Sud.<\/p>\n<p style=\"text-align: justify;\">Les Afrikaners sont des blancs d\u2019origine n\u00e9erlandaise, fran\u00e7aise, allemande ou scandinave qui parlent dans une langue d\u00e9riv\u00e9e du n\u00e9erlandais du 17<sup>\u00e8me<\/sup> si\u00e8cle\u00a0: l\u2019afrikaans. La Namibie vers laquelle nous nous dirigeons, est une ancienne colonie Allemande, puis est pass\u00e9e sous protectorat de l\u2019Afrique du Sud jusqu\u2019en 1990, date \u00e0 laquelle elle est devenue ind\u00e9pendante. C\u2019est le deuxi\u00e8me pays o\u00f9 les Afrikaners sont les plus repr\u00e9sent\u00e9s. Les Afrikaners repr\u00e9sentent presque 9% de la population totale du pays, soit 4,5 millions d\u2019habitants.<\/p>\n<p style=\"text-align: justify;\">Pour la fin d\u2019\u00e9tape un orage gronde au-dessus de nos t\u00eates, la temp\u00e9rature affiche 29\u00b0C. Nous \u00e9chappons \u00e0 la pluie pour une fois. Une journ\u00e9e monotone sur la longue, tr\u00e8s longue ligne droite qui s\u00e9pare Schweizer-Reneke de Vryburg.<\/p>\n<p>Donn\u00e9es de la montre Epix: <a href=\"https:\/\/connect.garmin.com\/modern\/activity\/embed\/1545001599\" target=\"_blank\">Garmin Connect<\/a><\/p>\n<p><iframe loading=\"lazy\" width=\"560\" height=\"315\" src=\"https:\/\/www.youtube.com\/embed\/FKC3LrFjBYw\" frameborder=\"0\" allowfullscreen=\"allowfullscreen\"><\/iframe><\/p>\n","protected":false},"excerpt":{"rendered":"<p>65,4 km &#8211; 10h06&prime; Ce matin la temp\u00e9rature \u00e0 6h00 est de 20\u00b0C mais le ciel est bas et tr\u00e8s nuageux. AU 15\u00e8me km Serge nous demande lors de son ravitaillement de lui refaire une deuxi\u00e8me portion yaourt-muesli car il a un \u00ab\u00a0coup de mou\u00a0\u00bb, peut-\u00eatre d\u00fb \u00e0 la chaleur de la veille et au [&hellip;]<\/p>\n","protected":false},"author":1,"featured_media":13680,"comment_status":"closed","ping_status":"closed","sticky":false,"template":"","format":"standard","meta":{"_et_pb_use_builder":"","_et_pb_old_content":"","_et_gb_content_width":"","ngg_post_thumbnail":0,"footnotes":""},"categories":[9],"tags":[],"class_list":["post-13649","post","type-post","status-publish","format-standard","has-post-thumbnail","hentry","category-news"],"_links":{"self":[{"href":"https:\/\/sergegirard.fr\/fr\/wp-json\/wp\/v2\/posts\/13649","targetHints":{"allow":["GET"]}}],"collection":[{"href":"https:\/\/sergegirard.fr\/fr\/wp-json\/wp\/v2\/posts"}],"about":[{"href":"https:\/\/sergegirard.fr\/fr\/wp-json\/wp\/v2\/types\/post"}],"author":[{"embeddable":true,"href":"https:\/\/sergegirard.fr\/fr\/wp-json\/wp\/v2\/users\/1"}],"replies":[{"embeddable":true,"href":"https:\/\/sergegirard.fr\/fr\/wp-json\/wp\/v2\/comments?post=13649"}],"version-history":[{"count":3,"href":"https:\/\/sergegirard.fr\/fr\/wp-json\/wp\/v2\/posts\/13649\/revisions"}],"predecessor-version":[{"id":13682,"href":"https:\/\/sergegirard.fr\/fr\/wp-json\/wp\/v2\/posts\/13649\/revisions\/13682"}],"wp:featuredmedia":[{"embeddable":true,"href":"https:\/\/sergegirard.fr\/fr\/wp-json\/wp\/v2\/media\/13680"}],"wp:attachment":[{"href":"https:\/\/sergegirard.fr\/fr\/wp-json\/wp\/v2\/media?parent=13649"}],"wp:term":[{"taxonomy":"category","embeddable":true,"href":"https:\/\/sergegirard.fr\/fr\/wp-json\/wp\/v2\/categories?post=13649"},{"taxonomy":"post_tag","embeddable":true,"href":"https:\/\/sergegirard.fr\/fr\/wp-json\/wp\/v2\/tags?post=13649"}],"curies":[{"name":"wp","href":"https:\/\/api.w.org\/{rel}","templated":true}]}}