{"id":13617,"date":"2017-01-26T17:57:26","date_gmt":"2017-01-26T16:57:26","guid":{"rendered":"http:\/\/sergegirard.fr\/fr\/?p=13617"},"modified":"2017-01-26T21:12:10","modified_gmt":"2017-01-26T20:12:10","slug":"e362-jeudi-26-janvier-wolmaransstad-4km-schweizer-reneke-7km","status":"publish","type":"post","link":"https:\/\/sergegirard.fr\/fr\/2017\/01\/26\/e362-jeudi-26-janvier-wolmaransstad-4km-schweizer-reneke-7km\/","title":{"rendered":"E362: Jeudi 26 Janvier \/\/ Wolmaransstad (- 4km) &#8211; Schweizer Reneke (- 7km)"},"content":{"rendered":"<p>65,32 km &#8211; 10h04&prime;<\/p>\n<p style=\"text-align: justify;\">Au d\u00e9part ce matin, nous avons un point de vue sur la ville de Wolmaransstad que nous dominons. Le soleil se l\u00e8ve doucement, il accompagne notre coureur sous une temp\u00e9rature de 14\u00b0C. La journ\u00e9e s\u2019annonce chaude. Un bubale rouge (voir photo) est \u00e0 quelques m\u00e8tres de nous. Il regarde Serge s\u2019\u00e9lancer sur la route d\u2019un air curieux, sans pour autant avoir peur.<\/p>\n<p style=\"text-align: justify;\">Depuis que nous empruntons les routes de ce pays, nous voyons r\u00e9guli\u00e8rement des pintades croiser notre chemin. Les pintades vivent principalement en Afrique, g\u00e9n\u00e9ralement au sud du Sahara.\u00a0 La France est le premier pays producteur de pintades.<\/p>\n<p style=\"text-align: justify;\">On ne peut pas parler de ce pays, sans parler de <em>l\u2019apartheid<\/em>. L\u2019apartheid a \u00e9t\u00e9\u00a0mis en place entre 1948 et 1991. Ce concept est fond\u00e9 sur la s\u00e9paration des races. L\u2019apartheid na\u00eet de la peur des Afrikaners (blancs d\u2019origine non anglophones, essentiellement n\u00e9erlandais), d\u2019\u00eatre envahie par la population noire. Les principales lois de cette politique de s\u00e9gr\u00e9gation concernent la loi d\u2019habitation s\u00e9par\u00e9e et la loi de classification de la population qui distingue les individus selon leur cat\u00e9gorie raciale (Blancs, Noirs, M\u00e9tis et Indien).<\/p>\n<p style=\"text-align: justify;\">Un petit mot sur Nelson Mandela. Il entre au<span> Congr\u00e8s National Africain<\/span> (ANC), afin de lutter contre la domination politique de la minorit\u00e9 blanche<span>\u00a0<\/span>et la s\u00e9gr\u00e9gation raciale. Devenu avocat, il lutte contre les lois de l\u2019apartheid. L&rsquo;ANC est interdit en<span>\u00a01960<\/span>, il est arr\u00eat\u00e9 par la police, et condamn\u00e9 \u00e0 la prison et aux travaux forc\u00e9s \u00e0 perp\u00e9tuit\u00e9. Apr\u00e8s vingt-sept ann\u00e9es d&#8217;emprisonnement dans des conditions souvent dures, Mandela est rel\u00e2ch\u00e9 en 1990.\u00a0Il fut \u00e9lu pr\u00e9sident de la R\u00e9publique de 1994 \u00e0 1999, \u00e0 la suite des premi\u00e8res \u00e9lections nationales non s\u00e9gr\u00e9gationnistes de l\u2019histoire du pays.<\/p>\n<p style=\"text-align: justify;\">Cette fin d\u2019\u00e9tape nous am\u00e8ne dans la ville de Schweizer-Reneke, fond\u00e9e en 1888. Elle porte les noms de deux hommes\u00a0:\u00a0 C.A. Schweizer et Field C.N. Reneke, deux soldats tu\u00e9s en 1885 sur la colline de Mamusa. Ils menaient une action pour mettre fin au broutage des bovins dans la r\u00e9gion.<\/p>\n<p>Donn\u00e9es de l montre Epix: <a href=\"https:\/\/connect.garmin.com\/modern\/activity\/embed\/1543576838\" target=\"_blank\">Garmin Connect<\/a><\/p>\n<p><iframe loading=\"lazy\" width=\"560\" height=\"315\" src=\"https:\/\/www.youtube.com\/embed\/IzwgViZjtP4\" frameborder=\"0\" allowfullscreen=\"allowfullscreen\"><\/iframe><\/p>\n","protected":false},"excerpt":{"rendered":"<p>65,32 km &#8211; 10h04&prime; Au d\u00e9part ce matin, nous avons un point de vue sur la ville de Wolmaransstad que nous dominons. Le soleil se l\u00e8ve doucement, il accompagne notre coureur sous une temp\u00e9rature de 14\u00b0C. La journ\u00e9e s\u2019annonce chaude. Un bubale rouge (voir photo) est \u00e0 quelques m\u00e8tres de nous. Il regarde Serge s\u2019\u00e9lancer [&hellip;]<\/p>\n","protected":false},"author":1,"featured_media":13643,"comment_status":"closed","ping_status":"closed","sticky":false,"template":"","format":"standard","meta":{"_et_pb_use_builder":"","_et_pb_old_content":"","_et_gb_content_width":"","ngg_post_thumbnail":0,"footnotes":""},"categories":[9],"tags":[],"class_list":["post-13617","post","type-post","status-publish","format-standard","has-post-thumbnail","hentry","category-news"],"_links":{"self":[{"href":"https:\/\/sergegirard.fr\/fr\/wp-json\/wp\/v2\/posts\/13617","targetHints":{"allow":["GET"]}}],"collection":[{"href":"https:\/\/sergegirard.fr\/fr\/wp-json\/wp\/v2\/posts"}],"about":[{"href":"https:\/\/sergegirard.fr\/fr\/wp-json\/wp\/v2\/types\/post"}],"author":[{"embeddable":true,"href":"https:\/\/sergegirard.fr\/fr\/wp-json\/wp\/v2\/users\/1"}],"replies":[{"embeddable":true,"href":"https:\/\/sergegirard.fr\/fr\/wp-json\/wp\/v2\/comments?post=13617"}],"version-history":[{"count":3,"href":"https:\/\/sergegirard.fr\/fr\/wp-json\/wp\/v2\/posts\/13617\/revisions"}],"predecessor-version":[{"id":13646,"href":"https:\/\/sergegirard.fr\/fr\/wp-json\/wp\/v2\/posts\/13617\/revisions\/13646"}],"wp:featuredmedia":[{"embeddable":true,"href":"https:\/\/sergegirard.fr\/fr\/wp-json\/wp\/v2\/media\/13643"}],"wp:attachment":[{"href":"https:\/\/sergegirard.fr\/fr\/wp-json\/wp\/v2\/media?parent=13617"}],"wp:term":[{"taxonomy":"category","embeddable":true,"href":"https:\/\/sergegirard.fr\/fr\/wp-json\/wp\/v2\/categories?post=13617"},{"taxonomy":"post_tag","embeddable":true,"href":"https:\/\/sergegirard.fr\/fr\/wp-json\/wp\/v2\/tags?post=13617"}],"curies":[{"name":"wp","href":"https:\/\/api.w.org\/{rel}","templated":true}]}}