{"id":13454,"date":"2017-01-21T17:26:24","date_gmt":"2017-01-21T16:26:24","guid":{"rendered":"http:\/\/sergegirard.fr\/fr\/?p=13454"},"modified":"2017-01-21T17:26:24","modified_gmt":"2017-01-21T16:26:24","slug":"e357-frankfort-frankfort-33km","status":"publish","type":"post","link":"https:\/\/sergegirard.fr\/fr\/2017\/01\/21\/e357-frankfort-frankfort-33km\/","title":{"rendered":"E357: Frankfort &#8211; Frankfort (+33km)"},"content":{"rendered":"<p>33,05km &#8211; 5H01&prime;<\/p>\n<p>Pas de texte mais 2 vid\u00e9os<\/p>\n<p>Bertrand et David sont bien arriv\u00e9s et affair\u00e9s \u00e0 pr\u00e9parer le v\u00e9hicule.<\/p>\n<p>Donn\u00e9es de la montre Epix:\u00a0<a href=\"https:\/\/connect.garmin.com\/modern\/activity\/embed\/1535364818\" target=\"_blank\">Garmin Connect<\/a><\/p>\n<p><iframe loading=\"lazy\" width=\"560\" height=\"315\" src=\"https:\/\/www.youtube.com\/embed\/JGjMSE4zc1o?rel=0\" frameborder=\"0\" allowfullscreen=\"allowfullscreen\"><\/iframe><\/p>\n<p><iframe loading=\"lazy\" width=\"560\" height=\"315\" src=\"https:\/\/www.youtube.com\/embed\/K2m3fdvoocg?rel=0\" frameborder=\"0\" allowfullscreen=\"allowfullscreen\"><\/iframe><\/p>\n","protected":false},"excerpt":{"rendered":"<p>33,05km &#8211; 5H01&prime; Pas de texte mais 2 vid\u00e9os Bertrand et David sont bien arriv\u00e9s et affair\u00e9s \u00e0 pr\u00e9parer le v\u00e9hicule. Donn\u00e9es de la montre Epix:\u00a0Garmin Connect<\/p>\n","protected":false},"author":1,"featured_media":13471,"comment_status":"closed","ping_status":"closed","sticky":false,"template":"","format":"standard","meta":{"_et_pb_use_builder":"","_et_pb_old_content":"","_et_gb_content_width":"","ngg_post_thumbnail":0,"footnotes":""},"categories":[9],"tags":[],"class_list":["post-13454","post","type-post","status-publish","format-standard","has-post-thumbnail","hentry","category-news"],"_links":{"self":[{"href":"https:\/\/sergegirard.fr\/fr\/wp-json\/wp\/v2\/posts\/13454","targetHints":{"allow":["GET"]}}],"collection":[{"href":"https:\/\/sergegirard.fr\/fr\/wp-json\/wp\/v2\/posts"}],"about":[{"href":"https:\/\/sergegirard.fr\/fr\/wp-json\/wp\/v2\/types\/post"}],"author":[{"embeddable":true,"href":"https:\/\/sergegirard.fr\/fr\/wp-json\/wp\/v2\/users\/1"}],"replies":[{"embeddable":true,"href":"https:\/\/sergegirard.fr\/fr\/wp-json\/wp\/v2\/comments?post=13454"}],"version-history":[{"count":3,"href":"https:\/\/sergegirard.fr\/fr\/wp-json\/wp\/v2\/posts\/13454\/revisions"}],"predecessor-version":[{"id":13472,"href":"https:\/\/sergegirard.fr\/fr\/wp-json\/wp\/v2\/posts\/13454\/revisions\/13472"}],"wp:featuredmedia":[{"embeddable":true,"href":"https:\/\/sergegirard.fr\/fr\/wp-json\/wp\/v2\/media\/13471"}],"wp:attachment":[{"href":"https:\/\/sergegirard.fr\/fr\/wp-json\/wp\/v2\/media?parent=13454"}],"wp:term":[{"taxonomy":"category","embeddable":true,"href":"https:\/\/sergegirard.fr\/fr\/wp-json\/wp\/v2\/categories?post=13454"},{"taxonomy":"post_tag","embeddable":true,"href":"https:\/\/sergegirard.fr\/fr\/wp-json\/wp\/v2\/tags?post=13454"}],"curies":[{"name":"wp","href":"https:\/\/api.w.org\/{rel}","templated":true}]}}