{"id":13341,"date":"2017-01-17T17:10:46","date_gmt":"2017-01-17T16:10:46","guid":{"rendered":"http:\/\/sergegirard.fr\/fr\/?p=13341"},"modified":"2017-01-17T17:39:43","modified_gmt":"2017-01-17T16:39:43","slug":"e353-piet-retief-21km-wakkerstroom","status":"publish","type":"post","link":"https:\/\/sergegirard.fr\/fr\/2017\/01\/17\/e353-piet-retief-21km-wakkerstroom\/","title":{"rendered":"E353: Piet Retief (+21km) &#8211; Wakkerstroom"},"content":{"rendered":"<p>64,20 km &#8211; 10H11&prime;<\/p>\n<p style=\"text-align: justify;\">Si il existe des faux d\u00e9parts, il existe des faux \u00ab\u00a0lever\u00a0\u00bb. 4H30, le r\u00e9veil sonne, nous entendons la pluie et le vent, il fait encore nuit (si les jours rallongent en France, ils raccourcissent dans l&rsquo;h\u00e9misph\u00e8re sud). Je vais \u00e0 la douche question de me r\u00e9veiller et quand je sors j&rsquo;aper\u00e7ois Serge venant soulager sa vessie qui dort litt\u00e9ralement debout! Allez, on va se recoucher&#8230;. nous redormons aussi sec et nous nous r\u00e9veillons frais et dispo \u00e0 5H45&prime;. Il fait grand jour, plus de pluie, encore du vent, il est temps de d\u00e9jeuner et de remballer nos sacs pour repartir sur la route. 7H10, Serge commence sa journ\u00e9e. Comme tous les matins, nous assistons au ramassage scolaire d&rsquo;une nu\u00e9e d&rsquo;enfants qui attendent sur le bord de la chauss\u00e9e le car. Les uniformes sont cette fois gris\/bordeaux et gris\/bleu marine. Peu d&rsquo;habitations et un village crois\u00e9 sur l&rsquo;\u00e9tape de ce jour, au 37\u00e8me kilom\u00e8tre, la R543 prend une orientation plus ouest que sud et Serge va enfin b\u00e9n\u00e9ficier de ce vent qu&rsquo;il a eu de face jusqu&rsquo;alors. Nous sommes \u00e0 1700 m\u00e8tres d&rsquo;altitude, les cultures de ma\u00efs et de pomme de terres ont laiss\u00e9 place \u00e0 de verts p\u00e2turages sur lesquels broutent quelques vaches, il n&rsquo;y a plus d&rsquo;arbres, que des montagnes pel\u00e9es aux formes plus ou moins arrondies. Je me disais cet apr\u00e8s-midi que si le paradis ressemblait \u00e0 cela, c&rsquo;\u00e9tait pas mal. J&rsquo;avoue que la montagne m&rsquo;a toujours plus attir\u00e9e que les paysages maritimes aussi paradisiaques soient-ils!<\/p>\n<p style=\"text-align: justify;\">Le panorama n&rsquo;a pas de barri\u00e8re et notre vision porte \u00e0 360\u00b0. Les v\u00e9hicules qui passent sont rarissimes et cette ambiance paisible est d\u00e8s plus agr\u00e9able. Je crois que mon p\u00e8re avait raison, Serge et moi avons d\u00fb \u00eatre des ours dans une autre vie car nous aimons, nous sentir seuls au monde loin de l&rsquo;agitation humaine.<\/p>\n<p style=\"text-align: justify;\">Nous sommes toujours dans la province de Mpumalanga. Ce nom ne vous dit sans doute rien, cependant c&rsquo;est dans cette province que se situe le bien connu Parc National Kruger, il fut cr\u00e9\u00e9 en 1898. Cette province est peupl\u00e9 \u00e0 93% par des noirs sud-africains de plusieurs ethnies (on parle de bantous) diff\u00e9rentes, les blancs sud africains, principalement des afrikaners repr\u00e9sentent un peu plus de 6%. Nous croisons r\u00e9guli\u00e8rement des fermes afrikaners reconnaissables par leur panneau \u00e0 l&rsquo;entr\u00e9e et porte le nom des propri\u00e9taires. Les m\u00e9tis et les asiatiques compl\u00e8tent les 100%.<\/p>\n<p style=\"text-align: justify;\">Nous sommes \u00e0 l&rsquo;extr\u00eame sud de la Province et longeons le Kwazulu Natal. Wakkerstroom sera le terminus de cette \u00e9tape, sa r\u00e9gion est mondialement connue par les ornithologues et c&rsquo;est un \u00ab\u00a0hotspot\u00a0\u00bb pour observer les oiseaux. Nous avons eu la chance ces derniers jours, de voir des oiseaux rouges et noirs, oranges, des oiseaux noirs avec une queue 3 fois plus longue que leur corps et lorsqu&rsquo;il s volent, ils ondulent. Malheureusement, ces oiseaux sont souvent trop loin pour les prendre en photo&#8230;. Peut \u00eatre aurons nous de la chance demain matin au petit jour!<\/p>\n<p style=\"text-align: justify;\">Si nous sommes pass\u00e9s non loin de diff\u00e9rentes r\u00e9serves que ce soit des parc nationaux ou des r\u00e9serves priv\u00e9es, nous n&rsquo;y avons pas p\u00e9n\u00e9tr\u00e9 (il est interdit d&rsquo;y circuler \u00e0 pied) et nous n&rsquo;avons pas pris le temps de partir en safari. Toutes ces r\u00e9serves sont cl\u00f4tur\u00e9es, vous payez un droit d&rsquo;entr\u00e9e et vous vous promenez avec votre v\u00e9hicule pour y admirer la faune locale qui vit en totale libert\u00e9. Je vous parlerai des \u00ab\u00a0Big Five\u00a0\u00bb prochainement, cette formulation revient souvent en Afrique du Sud et il ne s&rsquo;agit pas de super h\u00e9ros, quoique! A demain.<\/p>\n<p>Donn\u00e9es de la montre Epix:\u00a0<a href=\"https:\/\/connect.garmin.com\/modern\/activity\/embed\/1529761428\" target=\"_blank\">Garmin Connect<\/a><\/p>\n<p><iframe loading=\"lazy\" width=\"560\" height=\"315\" src=\"https:\/\/www.youtube.com\/embed\/uSROT729RuE?rel=0\" frameborder=\"0\" allowfullscreen=\"allowfullscreen\"><\/iframe><\/p>\n","protected":false},"excerpt":{"rendered":"<p>64,20 km &#8211; 10H11&prime; Si il existe des faux d\u00e9parts, il existe des faux \u00ab\u00a0lever\u00a0\u00bb. 4H30, le r\u00e9veil sonne, nous entendons la pluie et le vent, il fait encore nuit (si les jours rallongent en France, ils raccourcissent dans l&rsquo;h\u00e9misph\u00e8re sud). Je vais \u00e0 la douche question de me r\u00e9veiller et quand je sors j&rsquo;aper\u00e7ois [&hellip;]<\/p>\n","protected":false},"author":1,"featured_media":13342,"comment_status":"closed","ping_status":"closed","sticky":false,"template":"","format":"standard","meta":{"_et_pb_use_builder":"","_et_pb_old_content":"","_et_gb_content_width":"","ngg_post_thumbnail":0,"footnotes":""},"categories":[9],"tags":[],"class_list":["post-13341","post","type-post","status-publish","format-standard","has-post-thumbnail","hentry","category-news"],"_links":{"self":[{"href":"https:\/\/sergegirard.fr\/fr\/wp-json\/wp\/v2\/posts\/13341","targetHints":{"allow":["GET"]}}],"collection":[{"href":"https:\/\/sergegirard.fr\/fr\/wp-json\/wp\/v2\/posts"}],"about":[{"href":"https:\/\/sergegirard.fr\/fr\/wp-json\/wp\/v2\/types\/post"}],"author":[{"embeddable":true,"href":"https:\/\/sergegirard.fr\/fr\/wp-json\/wp\/v2\/users\/1"}],"replies":[{"embeddable":true,"href":"https:\/\/sergegirard.fr\/fr\/wp-json\/wp\/v2\/comments?post=13341"}],"version-history":[{"count":3,"href":"https:\/\/sergegirard.fr\/fr\/wp-json\/wp\/v2\/posts\/13341\/revisions"}],"predecessor-version":[{"id":13345,"href":"https:\/\/sergegirard.fr\/fr\/wp-json\/wp\/v2\/posts\/13341\/revisions\/13345"}],"wp:featuredmedia":[{"embeddable":true,"href":"https:\/\/sergegirard.fr\/fr\/wp-json\/wp\/v2\/media\/13342"}],"wp:attachment":[{"href":"https:\/\/sergegirard.fr\/fr\/wp-json\/wp\/v2\/media?parent=13341"}],"wp:term":[{"taxonomy":"category","embeddable":true,"href":"https:\/\/sergegirard.fr\/fr\/wp-json\/wp\/v2\/categories?post=13341"},{"taxonomy":"post_tag","embeddable":true,"href":"https:\/\/sergegirard.fr\/fr\/wp-json\/wp\/v2\/tags?post=13341"}],"curies":[{"name":"wp","href":"https:\/\/api.w.org\/{rel}","templated":true}]}}