{"id":13292,"date":"2017-01-16T18:36:15","date_gmt":"2017-01-16T17:36:15","guid":{"rendered":"http:\/\/sergegirard.fr\/fr\/?p=13292"},"modified":"2017-01-16T18:36:15","modified_gmt":"2017-01-16T17:36:15","slug":"e352-mardi-16-janvier-piet-retief-etou-mkhondo-40km-21km","status":"publish","type":"post","link":"https:\/\/sergegirard.fr\/fr\/2017\/01\/16\/e352-mardi-16-janvier-piet-retief-etou-mkhondo-40km-21km\/","title":{"rendered":"E352: Mardi 16 Janvier \/\/ Piet Retief et\/ou Mkhondo (-40km \/ +21km)"},"content":{"rendered":"<p>61,02km &#8211; 9H42&prime;<\/p>\n<p style=\"text-align: justify;\">Une pluie battante et \u00e0 peine 20\u00b0C, nous avons rev\u00eatu les v\u00eatements de pluie, les manches longues, ranger les lunettes de soleil et les bobs. Tremp\u00e9 des pieds \u00e0 la t\u00eate, Serge garde le sourire et puis apr\u00e8s le rin\u00e7age, il y a eu l&rsquo;essorage, la pluie cesse vers midi lorsque nous atteignons la ville de Piet Retief. Nous ressortons bob et lunettes de soleil car malgr\u00e9 la persistance des nuages, les UV passent. D&rsquo;ailleurs Serge a brul\u00e9 du front et du nez, il a le visage cuit, la peau du nez est \u00e0 vif et tant le front que les l\u00e8vres le brulent&#8230; Et je constate que depuis que nous sommes arriv\u00e9s en Afrique du Sud, la cr\u00e8me solaire n&rsquo;a pas \u00e9t\u00e9 utilis\u00e9e, je crois qu&rsquo;il va falloir y rem\u00e9dier!<\/p>\n<p style=\"text-align: justify;\">Hier, une fois entr\u00e9s dans la province de Mpumalanga, les panneaux indiquant \u00ab\u00a0Piet Retief\u00a0\u00bb ont disparu, cela nous a surpris car nous sommes sur la bonne route et il n&rsquo;y en a qu&rsquo;une! Le nom de Mkhondo est maintenant mentionn\u00e9 et vu la distance affich\u00e9e sur les panneaux, il ne peut s&rsquo;agir que de Piet Retief. Alors comment se fait il que cette ville porte 2 noms, je suis all\u00e9e \u00e0 la p\u00eache \u00e0 l&rsquo;info et voil\u00e0 l&rsquo;histoire. En 2009, 28 communes d&rsquo;Afrique du Sud ont \u00e9t\u00e9 rebaptis\u00e9es par le minist\u00e8re des Arts et de la Culture, dont Piet Retief qui en 2010 pris le nom officiel de Mkhondo. Selon le gouvernement, il s&rsquo;agit d&rsquo;un programme de r\u00e9conciliation Post Apartheid qui bien s\u00fbr n&rsquo;est pas du go\u00fbt de tout le monde puisqu&rsquo;il devait y avoir un consensus national sur le sujet qui ne semble jamais avoir eu lieu. Pour Piet Retief, les quelques r\u00e9unions sur ce changement de nom ont eu lieu en zoulou et les afrikaners ne parlent pas et ne comprennent pas le zoulou, \u00e0 quelques exceptions pr\u00e8s sans doute. Pourquoi, le nom de Piet Retief \u00e9tait cher au Afrikaner. Et bien la ville portait le nom, d&rsquo;un h\u00e9ros afrikaner (d&rsquo;origine fran\u00e7aise) qui fut \u00e0 l&rsquo;initiative de la remont\u00e9e des Boers (nom anciennement donn\u00e9 au afrikaner qui est un terme du XX\u00e8me si\u00e8cle) vers le nord, nomm\u00e9 \u00ab\u00a0The Track\u00a0\u00bb que l&rsquo;on peut traduire en fran\u00e7ais par \u00ab\u00a0La Grande Marche\u00a0\u00bb. Alors que Retief, s&rsquo;installe sur des terres inhabit\u00e9es mais tout de m\u00eame sur un territoire zoulou, il n\u00e9gocia avec le roi de l&rsquo;\u00e9poque. Alors que Retief, sa famille et ses hommes sont invit\u00e9s \u00e0 une c\u00e9r\u00e9monie zoulou pour la signature de la cessation d&rsquo;un territoire, ils furent massacr\u00e9s&#8230; sans raison apparente et ils n&rsquo;\u00e9taient pas arm\u00e9s ! C&rsquo;\u00e9tait en 1838. La ville de Piet Retief a \u00e9t\u00e9 fond\u00e9e en 1883 sur un terrain qui a \u00e9t\u00e9 donn\u00e9 aux Boers par le roi swazi Mswati I en 1860. Cette ville fut donc d\u00e9baptis\u00e9e il y a 7 ans&#8230;\u00a0 Les panneaux n&rsquo;ont pas tous suivis comme nous avons pu le constater et le plan de la ville porte encore les 2 noms (voir photo). Il faudra sans doute un peu de temps pour l&rsquo;acceptation et la r\u00e9conciliation, apr\u00e8s une histoire mouvement\u00e9e!<\/p>\n<p style=\"text-align: justify;\">Serge termine son \u00e9tape dans des for\u00eats de sapins, la r\u00e9gion de Piet Retief\/Mkhondo est r\u00e9put\u00e9e pour son bois, ses usines de fabrication de papier mais \u00e9galement ses mines. La route R543 que nous suivons depuis le 40\u00e8me kilom\u00e8tre est beaucoup plus tranquille moins \u00a0de camions ou presque pas, compar\u00e9 \u00e0 la Nationale 2 qui est un axe majeur. Serge appr\u00e9cie, m\u00eame si il n&rsquo;a pas de bas-c\u00f4t\u00e9 pour s&rsquo;\u00e9carter au passage des v\u00e9hicules.<\/p>\n<p style=\"text-align: justify;\">Demain au menu, encore du d\u00e9nivel\u00e9 avec plus de 1000 m\u00e8tres positifs pour la troisi\u00e8me journ\u00e9e cons\u00e9cutive et nous passerons les 2000 m\u00e8tres d&rsquo;altitude. La m\u00e9t\u00e9o annonce des temp\u00e9ratures de 5 \u00e0 17\u00b0C, cette fois nous allons ressortir les pulls, pour nous qui sommes en \u00e9t\u00e9 ce n&rsquo;est pas tr\u00e8s chaud \ud83d\ude42<\/p>\n<p style=\"text-align: justify;\">Alors \u00e0 demain<\/p>\n<p style=\"text-align: justify;\">Donn\u00e9es de la montre Epix:\u00a0<a href=\"https:\/\/connect.garmin.com\/modern\/activity\/embed\/1528215162\" target=\"_blank\">Garmin Connect<\/a><\/p>\n<p style=\"text-align: justify;\"><em>Pas de vid\u00e9o\u00a0<\/em><\/p>\n","protected":false},"excerpt":{"rendered":"<p>61,02km &#8211; 9H42&prime; Une pluie battante et \u00e0 peine 20\u00b0C, nous avons rev\u00eatu les v\u00eatements de pluie, les manches longues, ranger les lunettes de soleil et les bobs. Tremp\u00e9 des pieds \u00e0 la t\u00eate, Serge garde le sourire et puis apr\u00e8s le rin\u00e7age, il y a eu l&rsquo;essorage, la pluie cesse vers midi lorsque nous [&hellip;]<\/p>\n","protected":false},"author":1,"featured_media":13295,"comment_status":"closed","ping_status":"closed","sticky":false,"template":"","format":"standard","meta":{"_et_pb_use_builder":"","_et_pb_old_content":"","_et_gb_content_width":"","ngg_post_thumbnail":0,"footnotes":""},"categories":[9],"tags":[],"class_list":["post-13292","post","type-post","status-publish","format-standard","has-post-thumbnail","hentry","category-news"],"_links":{"self":[{"href":"https:\/\/sergegirard.fr\/fr\/wp-json\/wp\/v2\/posts\/13292","targetHints":{"allow":["GET"]}}],"collection":[{"href":"https:\/\/sergegirard.fr\/fr\/wp-json\/wp\/v2\/posts"}],"about":[{"href":"https:\/\/sergegirard.fr\/fr\/wp-json\/wp\/v2\/types\/post"}],"author":[{"embeddable":true,"href":"https:\/\/sergegirard.fr\/fr\/wp-json\/wp\/v2\/users\/1"}],"replies":[{"embeddable":true,"href":"https:\/\/sergegirard.fr\/fr\/wp-json\/wp\/v2\/comments?post=13292"}],"version-history":[{"count":1,"href":"https:\/\/sergegirard.fr\/fr\/wp-json\/wp\/v2\/posts\/13292\/revisions"}],"predecessor-version":[{"id":13294,"href":"https:\/\/sergegirard.fr\/fr\/wp-json\/wp\/v2\/posts\/13292\/revisions\/13294"}],"wp:featuredmedia":[{"embeddable":true,"href":"https:\/\/sergegirard.fr\/fr\/wp-json\/wp\/v2\/media\/13295"}],"wp:attachment":[{"href":"https:\/\/sergegirard.fr\/fr\/wp-json\/wp\/v2\/media?parent=13292"}],"wp:term":[{"taxonomy":"category","embeddable":true,"href":"https:\/\/sergegirard.fr\/fr\/wp-json\/wp\/v2\/categories?post=13292"},{"taxonomy":"post_tag","embeddable":true,"href":"https:\/\/sergegirard.fr\/fr\/wp-json\/wp\/v2\/tags?post=13292"}],"curies":[{"name":"wp","href":"https:\/\/api.w.org\/{rel}","templated":true}]}}