{"id":13053,"date":"2017-01-04T14:33:47","date_gmt":"2017-01-04T13:33:47","guid":{"rendered":"http:\/\/sergegirard.fr\/fr\/?p=13053"},"modified":"2017-01-04T14:41:30","modified_gmt":"2017-01-04T13:41:30","slug":"e340-mercredi-4-janvier-mount-cooke-cottesloe-beach","status":"publish","type":"post","link":"https:\/\/sergegirard.fr\/fr\/2017\/01\/04\/e340-mercredi-4-janvier-mount-cooke-cottesloe-beach\/","title":{"rendered":"E340: Mercredi 4 Janvier \/\/ Mount Cooke &#8211; Cottesloe Beach"},"content":{"rendered":"<p>64,07 km &#8211; 11H08&prime;<\/p>\n<p style=\"text-align: justify;\">4350km en 82 jours sur l&rsquo;Australie &#8211; Serge valide son 2\u00e8me continent sur les 4 pr\u00e9vus dans le r\u00e8glement.<\/p>\n<p style=\"text-align: justify;\">Il a parcouru 20892 km sur les 26232 km minimum pour valider le record de ce Tour du Monde, d\u00e9tenu \u00e0 ce jour par l&rsquo;Australien, Tom Denniss.<\/p>\n<p style=\"text-align: justify;\">Il lui reste le continent africain puis il terminera l&rsquo;Europe dont une partie a d\u00e9j\u00e0 \u00e9t\u00e9 faite (Paris \u00e0 Lisbonne).<\/p>\n<p style=\"text-align: justify;\">Demain un texte sera mis en ligne pour vous raconter cette derni\u00e8re journ\u00e9e mais pl\u00e9thores de photos et de vid\u00e9os sont d\u00e9j\u00e0 en ligne dans le menu \u00ab\u00a0Galerie\u00a0\u00bb.<\/p>\n<p>A demain<\/p>\n<p>Donn\u00e9es de la montre Epix:\u00a0<a href=\"https:\/\/connect.garmin.com\/modern\/activity\/embed\/1509512454\" target=\"_blank\">Garmin Connect<\/a><\/p>\n<p><iframe loading=\"lazy\" width=\"560\" height=\"315\" src=\"https:\/\/www.youtube.com\/embed\/XIENBARSJoo?rel=0\" frameborder=\"0\" allowfullscreen=\"allowfullscreen\"><\/iframe><\/p>\n","protected":false},"excerpt":{"rendered":"<p>64,07 km &#8211; 11H08&prime; 4350km en 82 jours sur l&rsquo;Australie &#8211; Serge valide son 2\u00e8me continent sur les 4 pr\u00e9vus dans le r\u00e8glement. Il a parcouru 20892 km sur les 26232 km minimum pour valider le record de ce Tour du Monde, d\u00e9tenu \u00e0 ce jour par l&rsquo;Australien, Tom Denniss. Il lui reste le continent [&hellip;]<\/p>\n","protected":false},"author":1,"featured_media":13056,"comment_status":"closed","ping_status":"closed","sticky":false,"template":"","format":"standard","meta":{"_et_pb_use_builder":"","_et_pb_old_content":"","_et_gb_content_width":"","ngg_post_thumbnail":0,"footnotes":""},"categories":[9],"tags":[],"class_list":["post-13053","post","type-post","status-publish","format-standard","has-post-thumbnail","hentry","category-news"],"_links":{"self":[{"href":"https:\/\/sergegirard.fr\/fr\/wp-json\/wp\/v2\/posts\/13053","targetHints":{"allow":["GET"]}}],"collection":[{"href":"https:\/\/sergegirard.fr\/fr\/wp-json\/wp\/v2\/posts"}],"about":[{"href":"https:\/\/sergegirard.fr\/fr\/wp-json\/wp\/v2\/types\/post"}],"author":[{"embeddable":true,"href":"https:\/\/sergegirard.fr\/fr\/wp-json\/wp\/v2\/users\/1"}],"replies":[{"embeddable":true,"href":"https:\/\/sergegirard.fr\/fr\/wp-json\/wp\/v2\/comments?post=13053"}],"version-history":[{"count":3,"href":"https:\/\/sergegirard.fr\/fr\/wp-json\/wp\/v2\/posts\/13053\/revisions"}],"predecessor-version":[{"id":13059,"href":"https:\/\/sergegirard.fr\/fr\/wp-json\/wp\/v2\/posts\/13053\/revisions\/13059"}],"wp:featuredmedia":[{"embeddable":true,"href":"https:\/\/sergegirard.fr\/fr\/wp-json\/wp\/v2\/media\/13056"}],"wp:attachment":[{"href":"https:\/\/sergegirard.fr\/fr\/wp-json\/wp\/v2\/media?parent=13053"}],"wp:term":[{"taxonomy":"category","embeddable":true,"href":"https:\/\/sergegirard.fr\/fr\/wp-json\/wp\/v2\/categories?post=13053"},{"taxonomy":"post_tag","embeddable":true,"href":"https:\/\/sergegirard.fr\/fr\/wp-json\/wp\/v2\/tags?post=13053"}],"curies":[{"name":"wp","href":"https:\/\/api.w.org\/{rel}","templated":true}]}}