{"id":12605,"date":"2016-12-24T10:45:45","date_gmt":"2016-12-24T09:45:45","guid":{"rendered":"http:\/\/sergegirard.fr\/fr\/?p=12605"},"modified":"2016-12-24T11:25:47","modified_gmt":"2016-12-24T10:25:47","slug":"e329-samedi-24-decembre-grass-patch-monjingup","status":"publish","type":"post","link":"https:\/\/sergegirard.fr\/fr\/2016\/12\/24\/e329-samedi-24-decembre-grass-patch-monjingup\/","title":{"rendered":"E329: Samedi 24 D\u00e9cembre \/\/ Grass Patch &#8211; Monjingup"},"content":{"rendered":"<p>63,88 km &#8211; 10H16&prime;<\/p>\n<p style=\"text-align: justify;\">Le paysage change radicalement, certes les champs cultiv\u00e9s ont refait leur apparition depuis hier mais au del\u00e0 de cette empreinte humaine, la v\u00e9g\u00e9tation n&rsquo;est plus la m\u00eame. Outre les cultures, les agriculteurs ont ici plant\u00e9s des pins et semblent faire de la sylviculture. Nous remarquons \u00e9galement pas mal d&rsquo;essences nouvelles (voir les photos du jour) dont de magnifiques petits arbres aux fleurs oranges, si j&rsquo;ai le temps j&rsquo;irai voir comment ils se nomment.<\/p>\n<p style=\"text-align: justify;\">Serge va \u00ab\u00a0effleurer\u00a0\u00bb la ville d&rsquo;Esp\u00e9rance sans y passer mais nous y dormons ce soir. Esperance, un nom ni anglais, ni d&rsquo;origine aborig\u00e8ne comme tous les noms rencontr\u00e9s jusqu&rsquo;\u00e0 maintenant. Alors pourquoi cette ville porte un nom fran\u00e7ais.<\/p>\n<p style=\"text-align: justify;\">Un navigateur breton, Jean-Michel Huon de Kermadec, au commande du Navire l&rsquo;Esp\u00e9rance, mouilla dans la baie pr\u00e8s du site de l&rsquo;actuelle ville en d\u00e9cembre 1792. Si les hollandais avaient d\u00e9j\u00e0 long\u00e9 les c\u00f4tes du sud de ce qui \u00e9tait appel\u00e9 la Nouvelle Hollande \u00e0 l&rsquo;\u00e9poque, ils n&rsquo;\u00e9taient pas descendus sur la terre ferme. Ce furent donc des fran\u00e7ais qui mirent en premier le pied sur le continent du c\u00f4t\u00e9 d&rsquo;Esperance et il semble que ce nom fut adopt\u00e9 lorsqu&rsquo;une famille \u00e9cossaise s&rsquo;y installa en 1870. En 1898, la ville comptait \u00e0 peine 1000 habitants, en 1968, 2700 et de nos jours un petit 15 000. La ville allie vie agricole et vie maritime.<\/p>\n<p style=\"text-align: justify;\">Une autre histoire, nous lie \u00e0 Esperance. Le commandant Nicolas Baudin, n\u00e9 \u00e0 Saint Martin de R\u00e9 sur l&rsquo;Ile de R\u00e9, au commande de 2 navires, le G\u00e9ographe et le Naturaliste, \u00a0accompagn\u00e9 entre autre de 22 scientifiques, atteignent la Nouvelle Hollande en 1801.<\/p>\n<p style=\"text-align: justify;\">Si Baudin meurt sur le chemin du retour, les 2 navires rentrent en France, l&rsquo;un au Havre, l&rsquo;autre \u00e0 Lorient, regorgeant d&rsquo;informations, de croquis, peintures et d&rsquo;\u00e9chantillons de plantes et de minerais pr\u00e9lev\u00e9s en terre australe. Ce fut l&rsquo;un des plus grands voyages scientifiques de tous les temps.<\/p>\n<p style=\"text-align: justify;\">.Et voil\u00e0 qu&rsquo;en 1988, Esperance et Saint Martin de R\u00e9 cr\u00e9ent un jumelage sans aucun doute en souvenir de Nicolas Baudin, tout \u00e0 fait m\u00e9connu en France puisque d\u00e9c\u00e9d\u00e9 avant d&rsquo;avoir regagn\u00e9 la France. Il faudra attendre 2000, pour que la conservatrice du Mus\u00e9um d&rsquo;histoire naturelle du Havre, publie le journal de bord personnel du commandant Baudin.<\/p>\n<p style=\"text-align: justify;\">Serge n&rsquo;aura pas \u00e9t\u00e9 tr\u00e8s bavard ce jour, il ne ressent pas la chaleur et me dira qu&rsquo;il fait frais en arrivant. Quelle chance il a car pour ma part, je cuis et l&rsquo;air du sud en fin d&rsquo;\u00e9tape rafraich\u00eet un peu cette journ\u00e9e torride.<\/p>\n<p style=\"text-align: justify;\">A demain<\/p>\n<p>Donn\u00e9es de la montre Epix:\u00a0<a href=\"https:\/\/connect.garmin.com\/modern\/activity\/embed\/1493819984\" target=\"_blank\">Garmin Connect<\/a><\/p>\n<p>Parcours du Dimanche 25 D\u00e9cembre:\u00a0<a href=\"http:\/\/www.openrunner.com\/index.php?id=6862443\" target=\"_blank\">Etape 330<\/a><\/p>\n<p>Pas de vid\u00e9o<\/p>\n","protected":false},"excerpt":{"rendered":"<p>63,88 km &#8211; 10H16&prime; Le paysage change radicalement, certes les champs cultiv\u00e9s ont refait leur apparition depuis hier mais au del\u00e0 de cette empreinte humaine, la v\u00e9g\u00e9tation n&rsquo;est plus la m\u00eame. Outre les cultures, les agriculteurs ont ici plant\u00e9s des pins et semblent faire de la sylviculture. Nous remarquons \u00e9galement pas mal d&rsquo;essences nouvelles (voir [&hellip;]<\/p>\n","protected":false},"author":1,"featured_media":12606,"comment_status":"closed","ping_status":"closed","sticky":false,"template":"","format":"standard","meta":{"_et_pb_use_builder":"","_et_pb_old_content":"","_et_gb_content_width":"","ngg_post_thumbnail":0,"footnotes":""},"categories":[9],"tags":[],"class_list":["post-12605","post","type-post","status-publish","format-standard","has-post-thumbnail","hentry","category-news"],"_links":{"self":[{"href":"https:\/\/sergegirard.fr\/fr\/wp-json\/wp\/v2\/posts\/12605","targetHints":{"allow":["GET"]}}],"collection":[{"href":"https:\/\/sergegirard.fr\/fr\/wp-json\/wp\/v2\/posts"}],"about":[{"href":"https:\/\/sergegirard.fr\/fr\/wp-json\/wp\/v2\/types\/post"}],"author":[{"embeddable":true,"href":"https:\/\/sergegirard.fr\/fr\/wp-json\/wp\/v2\/users\/1"}],"replies":[{"embeddable":true,"href":"https:\/\/sergegirard.fr\/fr\/wp-json\/wp\/v2\/comments?post=12605"}],"version-history":[{"count":3,"href":"https:\/\/sergegirard.fr\/fr\/wp-json\/wp\/v2\/posts\/12605\/revisions"}],"predecessor-version":[{"id":12609,"href":"https:\/\/sergegirard.fr\/fr\/wp-json\/wp\/v2\/posts\/12605\/revisions\/12609"}],"wp:featuredmedia":[{"embeddable":true,"href":"https:\/\/sergegirard.fr\/fr\/wp-json\/wp\/v2\/media\/12606"}],"wp:attachment":[{"href":"https:\/\/sergegirard.fr\/fr\/wp-json\/wp\/v2\/media?parent=12605"}],"wp:term":[{"taxonomy":"category","embeddable":true,"href":"https:\/\/sergegirard.fr\/fr\/wp-json\/wp\/v2\/categories?post=12605"},{"taxonomy":"post_tag","embeddable":true,"href":"https:\/\/sergegirard.fr\/fr\/wp-json\/wp\/v2\/tags?post=12605"}],"curies":[{"name":"wp","href":"https:\/\/api.w.org\/{rel}","templated":true}]}}